{"id":30947,"date":"2025-07-03T01:28:40","date_gmt":"2025-07-03T01:28:40","guid":{"rendered":"http:\/\/gazetevizyon.com\/?p=30947"},"modified":"2025-07-03T01:28:40","modified_gmt":"2025-07-03T01:28:40","slug":"tbmmde-iklim-yasasi-ret-edildi-muhalefet-rant-yasasi-elestirisi-yapti","status":"publish","type":"post","link":"http:\/\/gazetevizyon.com\/?p=30947","title":{"rendered":"TBMM&#8217;de \u0130klim Yasas\u0131 Ret Edildi: Muhalefet &#8220;Rant Yasas\u0131&#8221; Ele\u015ftirisi Yapt\u0131"},"content":{"rendered":"<p>\n<h2>TBMM Genel Kurulu&#8217;nda \u0130klim Yasas\u0131 Oylamas\u0131<\/h2>\n<\/p>\n<p><\/p>\n<p>TBMM Genel Kurulu&#8217;nda g\u00f6r\u00fc\u015f\u00fclen <strong>iklim yasas\u0131<\/strong> ret edildi. Karbon ayak izini azaltmay\u0131 hedefleyen yasa tasar\u0131s\u0131, muhalefetin sert ele\u015ftirileri \u00fczerine oylamaya gidildi ve kabul edilmedi.<\/p>\n<p><\/p>\n<p><h3>Muhalefetin Ele\u015ftirileri<\/h3>\n<\/p>\n<p><\/p>\n<p>Milletvekili Serkan Sar\u0131, yasa tasar\u0131s\u0131n\u0131 &#8220;yanda\u015f\u0131n d\u00f6viz hesab\u0131n\u0131 d\u00fc\u015f\u00fcnen s\u00f6zde iklim yasas\u0131&#8221; olarak nitelendirdi. <strong>Karbon ayak izi<\/strong> yerine, yasan\u0131n rant\u0131 korudu\u011funu savundu. Sar\u0131, &#8220;Bu yasa do\u011fay\u0131 de\u011fil rant\u0131 koruyor&#8221; \u015feklinde konu\u015ftu.<\/p>\n<p><\/p>\n<p><h3>Zeytin Katliam\u0131 Yasas\u0131 Uyar\u0131s\u0131<\/h3>\n<\/p>\n<p><\/p>\n<p>Sar\u0131, Genel Kurul&#8217;a gelece\u011fi belirtilen <strong>Zeytin Katliam\u0131 Yasas\u0131<\/strong> konusunda da uyar\u0131da bulundu. Bu yasa i\u00e7in de susmayacaklar\u0131n\u0131 ve topra\u011f\u0131, a\u011fac\u0131, gelece\u011fi korumaya devam edeceklerini vurgulad\u0131.<\/p>\n<p><\/p>\n<p><h3>De\u011fi\u015fim \u00c7a\u011fr\u0131s\u0131<\/h3>\n<\/p>\n<p><\/p>\n<p>Sar\u0131, mevcut d\u00fczenin de\u011fi\u015fmesi i\u00e7in tek yolun AKP&#8217;nin iktidardan gitmesi oldu\u011funu ifade etti. <strong>T\u00fcrkiye&#8217;nin nefes almas\u0131<\/strong> i\u00e7in bu de\u011fi\u015fimin \u015fart oldu\u011funu belirtti.<\/p>\n<p><\/p>\n<p><ul>  <\/p>\n<ul>\n<li>\u0130klim yasas\u0131 tasar\u0131s\u0131 TBMM Genel Kurulu&#8217;nda ret edildi.<\/li>\n<p>  <\/p>\n<li>Muhalefet, yasan\u0131n rant\u0131 korudu\u011funu savundu.<\/li>\n<p>  <\/p>\n<li>Zeytin Katliam\u0131 Yasas\u0131 i\u00e7in de uyar\u0131 yap\u0131ld\u0131.<\/li>\n<p>  <\/p>\n<li>Mevcut d\u00fczenin de\u011fi\u015fmesi i\u00e7in AKP&#8217;nin iktidardan gitmesi gerekti\u011fi vurguland\u0131.<\/li>\n<\/ul>\n<p><\/ul><\/p>\n","protected":false},"excerpt":{"rendered":"<p>TBMM Genel Kurulu&#8217;nda \u0130klim Yasas\u0131 Oylamas\u0131 TBMM Genel Kurulu&#8217;nda g\u00f6r\u00fc\u015f\u00fclen iklim yasas\u0131 ret edildi. Karbon ayak izini azaltmay\u0131 hedefleyen yasa tasar\u0131s\u0131, muhalefetin sert ele\u015ftirileri \u00fczerine oylamaya gidildi ve kabul edilmedi. Muhalefetin Ele\u015ftirileri Milletvekili Serkan Sar\u0131, yasa tasar\u0131s\u0131n\u0131 &#8220;yanda\u015f\u0131n d\u00f6viz hesab\u0131n\u0131&#8230;<\/p>\n","protected":false},"author":1,"featured_media":30948,"comment_status":"closed","ping_status":"closed","sticky":false,"template":"","format":"standard","meta":{"footnotes":""},"categories":[23],"tags":[],"class_list":["post-30947","post","type-post","status-publish","format-standard","has-post-thumbnail","hentry","category-siyaset"],"_links":{"self":[{"href":"http:\/\/gazetevizyon.com\/index.php?rest_route=\/wp\/v2\/posts\/30947","targetHints":{"allow":["GET"]}}],"collection":[{"href":"http:\/\/gazetevizyon.com\/index.php?rest_route=\/wp\/v2\/posts"}],"about":[{"href":"http:\/\/gazetevizyon.com\/index.php?rest_route=\/wp\/v2\/types\/post"}],"author":[{"embeddable":true,"href":"http:\/\/gazetevizyon.com\/index.php?rest_route=\/wp\/v2\/users\/1"}],"replies":[{"embeddable":true,"href":"http:\/\/gazetevizyon.com\/index.php?rest_route=%2Fwp%2Fv2%2Fcomments&post=30947"}],"version-history":[{"count":1,"href":"http:\/\/gazetevizyon.com\/index.php?rest_route=\/wp\/v2\/posts\/30947\/revisions"}],"predecessor-version":[{"id":30953,"href":"http:\/\/gazetevizyon.com\/index.php?rest_route=\/wp\/v2\/posts\/30947\/revisions\/30953"}],"wp:featuredmedia":[{"embeddable":true,"href":"http:\/\/gazetevizyon.com\/index.php?rest_route=\/wp\/v2\/media\/30948"}],"wp:attachment":[{"href":"http:\/\/gazetevizyon.com\/index.php?rest_route=%2Fwp%2Fv2%2Fmedia&parent=30947"}],"wp:term":[{"taxonomy":"category","embeddable":true,"href":"http:\/\/gazetevizyon.com\/index.php?rest_route=%2Fwp%2Fv2%2Fcategories&post=30947"},{"taxonomy":"post_tag","embeddable":true,"href":"http:\/\/gazetevizyon.com\/index.php?rest_route=%2Fwp%2Fv2%2Ftags&post=30947"}],"curies":[{"name":"wp","href":"https:\/\/api.w.org\/{rel}","templated":true}]}}