{"id":30971,"date":"2025-07-03T15:39:20","date_gmt":"2025-07-03T15:39:20","guid":{"rendered":"http:\/\/gazetevizyon.com\/?p=30971"},"modified":"2025-07-03T15:39:20","modified_gmt":"2025-07-03T15:39:20","slug":"balikesirde-uluslararasi-aromaterapi-festivali-basladi-sifa-dolu-program-ve-ring-seferleri","status":"publish","type":"post","link":"http:\/\/gazetevizyon.com\/?p=30971","title":{"rendered":"Bal\u0131kesir&#8217;de Uluslararas\u0131 Aromaterapi Festivali Ba\u015flad\u0131: \u015eifa Dolu Program ve Ring Seferleri"},"content":{"rendered":"<p>\n<h2>Bal\u0131kesir&#8217;de Aromaterapi Festivali Co\u015fkuyla Ba\u015flad\u0131<\/h2>\n<\/p>\n<p><\/p>\n<p><p><strong>Bal\u0131kesir B\u00fcy\u00fck\u015fehir Belediyesi<\/strong> taraf\u0131ndan organize edilen Uluslararas\u0131 Aromaterapi Festivali, dopdolu program\u0131yla bug\u00fcn ba\u015flad\u0131. Festival, aromaterapinin \u015fifal\u0131 d\u00fcnyas\u0131na ilgi duyan binlerce ki\u015fiyi bir araya getirmeyi hedefliyor. Bu festival, aromaterapi alan\u0131ndaki son geli\u015fmeleri ve do\u011fal tedavi y\u00f6ntemlerini tan\u0131tmay\u0131 ama\u00e7l\u0131yor.<\/p>\n<\/p>\n<p><\/p>\n<p><h2>Festival Alan\u0131 ve Ula\u015f\u0131m Kolayl\u0131\u011f\u0131<\/h2>\n<\/p>\n<p><\/p>\n<p><p>Festival alan\u0131, ziyaret\u00e7iler i\u00e7in kolay ula\u015f\u0131m imkanlar\u0131 sunuyor. Bal\u0131kesir B\u00fcy\u00fck\u015fehir Belediyesi, festival alan\u0131na ring seferleri d\u00fczenleyerek ula\u015f\u0131m\u0131 kolayla\u015ft\u0131rd\u0131. Bu sayede ziyaret\u00e7iler, festival alan\u0131na rahatl\u0131kla ula\u015fabilecekler. <strong>Ring seferleri listesi<\/strong>, festivalin web sitesinde ve sosyal medya hesaplar\u0131nda yay\u0131nland\u0131.<\/p>\n<\/p>\n<p><\/p>\n<p><h3>1. G\u00fcn Program\u0131 Detaylar\u0131<\/h3>\n<\/p>\n<p><\/p>\n<p><p>Festivalin ilk g\u00fcn\u00fcnde birbirinden ilgi \u00e7ekici etkinlikler yer al\u0131yor. \u0130\u015fte 1. g\u00fcn program\u0131n\u0131n detaylar\u0131:<\/p>\n<\/p>\n<p><\/p>\n<p><ul>  <\/p>\n<ul>\n<li>Aromaterapi Uzmanlar\u0131 ile s\u00f6yle\u015filer<\/li>\n<p>  <\/p>\n<li>Do\u011fal Ya\u015fam At\u00f6lyeleri<\/li>\n<p>  <\/p>\n<li>Uluslararas\u0131 Aromaterapi Konferanslar\u0131<\/li>\n<p>  <\/p>\n<li>Aromaterapi \u00dcr\u00fcnleri Sergisi<\/li>\n<p>  <\/p>\n<li>Canl\u0131 M\u00fczik Performanslar\u0131<\/li>\n<\/ul>\n<p><\/ul>\n<\/p>\n<p><\/p>\n<p><h3>Festivalde Neler Bulunacak?<\/h3>\n<\/p>\n<p><\/p>\n<p><p>Festival alan\u0131nda ziyaret\u00e7iler, aromaterapi \u00fcr\u00fcnlerini yak\u0131ndan inceleyebilecek, uzmanlardan bilgi alabilecek ve at\u00f6lyelere kat\u0131labilecekler. Ayr\u0131ca, festivalde yer alan stantlarda do\u011fal ya\u015fam \u00fcr\u00fcnleri ve el yap\u0131m\u0131 hediyelik e\u015fyalar da bulunuyor. <strong>Aromaterapi<\/strong> alan\u0131ndaki en son trendler ve tedavi y\u00f6ntemleri festivalde tan\u0131t\u0131lacak.<\/p>\n<\/p>\n<p><\/p>\n<p><p>Bal\u0131kesir B\u00fcy\u00fck\u015fehir Belediyesi, festivalin sorunsuz bir \u015fekilde ge\u00e7mesi i\u00e7in t\u00fcm haz\u0131rl\u0131klar\u0131 tamamlad\u0131. Festival boyunca g\u00fcvenlik \u00f6nlemleri en \u00fcst seviyede tutulacak ve ziyaret\u00e7ilerin g\u00fcvenli\u011fi sa\u011flanacak. <strong>Do\u011fal tedavi y\u00f6ntemleri<\/strong> ve aromaterapiye ilgi duyan herkes festivali ziyaret ederek keyifli vakit ge\u00e7irebilir.<\/p><\/p>\n","protected":false},"excerpt":{"rendered":"<p>Bal\u0131kesir&#8217;de Aromaterapi Festivali Co\u015fkuyla Ba\u015flad\u0131 Bal\u0131kesir B\u00fcy\u00fck\u015fehir Belediyesi taraf\u0131ndan organize edilen Uluslararas\u0131 Aromaterapi Festivali, dopdolu program\u0131yla bug\u00fcn ba\u015flad\u0131. Festival, aromaterapinin \u015fifal\u0131 d\u00fcnyas\u0131na ilgi duyan binlerce ki\u015fiyi bir araya getirmeyi hedefliyor. Bu festival, aromaterapi alan\u0131ndaki son geli\u015fmeleri ve do\u011fal tedavi y\u00f6ntemlerini&#8230;<\/p>\n","protected":false},"author":1,"featured_media":30972,"comment_status":"closed","ping_status":"closed","sticky":false,"template":"","format":"standard","meta":{"footnotes":""},"categories":[36],"tags":[],"class_list":["post-30971","post","type-post","status-publish","format-standard","has-post-thumbnail","hentry","category-manset"],"_links":{"self":[{"href":"http:\/\/gazetevizyon.com\/index.php?rest_route=\/wp\/v2\/posts\/30971","targetHints":{"allow":["GET"]}}],"collection":[{"href":"http:\/\/gazetevizyon.com\/index.php?rest_route=\/wp\/v2\/posts"}],"about":[{"href":"http:\/\/gazetevizyon.com\/index.php?rest_route=\/wp\/v2\/types\/post"}],"author":[{"embeddable":true,"href":"http:\/\/gazetevizyon.com\/index.php?rest_route=\/wp\/v2\/users\/1"}],"replies":[{"embeddable":true,"href":"http:\/\/gazetevizyon.com\/index.php?rest_route=%2Fwp%2Fv2%2Fcomments&post=30971"}],"version-history":[{"count":1,"href":"http:\/\/gazetevizyon.com\/index.php?rest_route=\/wp\/v2\/posts\/30971\/revisions"}],"predecessor-version":[{"id":30992,"href":"http:\/\/gazetevizyon.com\/index.php?rest_route=\/wp\/v2\/posts\/30971\/revisions\/30992"}],"wp:featuredmedia":[{"embeddable":true,"href":"http:\/\/gazetevizyon.com\/index.php?rest_route=\/wp\/v2\/media\/30972"}],"wp:attachment":[{"href":"http:\/\/gazetevizyon.com\/index.php?rest_route=%2Fwp%2Fv2%2Fmedia&parent=30971"}],"wp:term":[{"taxonomy":"category","embeddable":true,"href":"http:\/\/gazetevizyon.com\/index.php?rest_route=%2Fwp%2Fv2%2Fcategories&post=30971"},{"taxonomy":"post_tag","embeddable":true,"href":"http:\/\/gazetevizyon.com\/index.php?rest_route=%2Fwp%2Fv2%2Ftags&post=30971"}],"curies":[{"name":"wp","href":"https:\/\/api.w.org\/{rel}","templated":true}]}}