{"id":31032,"date":"2025-07-04T19:30:51","date_gmt":"2025-07-04T19:30:51","guid":{"rendered":"http:\/\/gazetevizyon.com\/?p=31032"},"modified":"2025-07-04T19:30:51","modified_gmt":"2025-07-04T19:30:51","slug":"chp-izmir-il-baskani-aslanoglu-gozaltina-alindi-parti-destek-icin-adliyede","status":"publish","type":"post","link":"http:\/\/gazetevizyon.com\/?p=31032","title":{"rendered":"CHP \u0130zmir \u0130l Ba\u015fkan\u0131 Aslano\u011flu G\u00f6zalt\u0131na Al\u0131nd\u0131: Parti Destek \u0130\u00e7in Adliyede"},"content":{"rendered":"<p>\n<h2>CHP \u0130zmir \u0130l Ba\u015fkan\u0131 G\u00f6zalt\u0131na Al\u0131nd\u0131<\/h2>\n<\/p>\n<p><\/p>\n<p><strong>CHP \u0130zmir \u0130l Ba\u015fkan\u0131 \u015eenol Aslano\u011flu<\/strong>, \u0130zmir Adliyesinde g\u00f6zalt\u0131na al\u0131nd\u0131. Partililer, Aslano\u011flu\u2019na destek vermek i\u00e7in adliyede topland\u0131. CHP Genel Ba\u015fkan Yard\u0131mc\u0131lar\u0131 ve milletvekilleri de adliyede haz\u0131r bulundu.<\/p>\n<p><\/p>\n<p><h3>Operasyonlar \u0130stanbul ve Adana&#8217;dan Sonra \u0130zmir&#8217;e S\u0131\u00e7rad\u0131<\/h3>\n<\/p>\n<p><\/p>\n<p>CHP Bal\u0131kesir \u0130l Ba\u015fkanl\u0131\u011f\u0131 taraf\u0131ndan yap\u0131lan a\u00e7\u0131klamada, partiye y\u00f6nelik s\u00fcrd\u00fcr\u00fclen operasyonlar\u0131n \u0130stanbul ve Adana\u2019dan sonra \u015fimdi de \u0130zmir\u2019e s\u0131\u00e7rad\u0131\u011f\u0131 belirtildi. \u0130l Ba\u015fkanlar\u0131 olarak haks\u0131z ve hukuksuz bir \u015fekilde g\u00f6zalt\u0131na al\u0131nan \u0130zmir \u0130l Ba\u015fkan\u0131 \u015eenol Aslano\u011flu ve yol arkada\u015flar\u0131na destek olmak i\u00e7in adliyede bulunduklar\u0131 ifade edildi.<\/p>\n<p><\/p>\n<p><h3>Partiden Destek Mesaj\u0131<\/h3>\n<\/p>\n<p><\/p>\n<p>CHP\u2019li yetkililer, operasyonlara kar\u015f\u0131 kararl\u0131l\u0131k mesaj\u0131 vererek, <strong>&#8220;Bize y\u00f6n \u00e7izmeye \u00e7al\u0131\u015fanlar d\u00fcn oldu\u011fu gibi bug\u00fcn de yar\u0131n da hayal k\u0131r\u0131kl\u0131\u011f\u0131 ya\u015fayacaklar&#8221;<\/strong> dedi. Parti yetkilileri, <strong>&#8220;Y\u0131lm\u0131yoruz, korkmuyoruz, sinmiyoruz&#8221;<\/strong> ifadelerini kullanarak operasyonlara kar\u015f\u0131 direneceklerini vurgulad\u0131.<\/p>\n<p><\/p>\n<p><h3>G\u00f6zalt\u0131 Nedenleri Hakk\u0131nda Bilgi Yok<\/h3>\n<\/p>\n<p><\/p>\n<p>G\u00f6zalt\u0131lar\u0131n nedenleri hakk\u0131nda hen\u00fcz resmi bir a\u00e7\u0131klama yap\u0131lmad\u0131. CHP\u2019li yetkililer, g\u00f6zalt\u0131lar\u0131n haks\u0131z ve hukuksuz oldu\u011funu iddia ediyor.<\/p>\n<p><\/p>\n<p><ul>  <\/p>\n<ul>\n<li>CHP \u0130zmir \u0130l Ba\u015fkan\u0131 \u015eenol Aslano\u011flu g\u00f6zalt\u0131na al\u0131nd\u0131.<\/li>\n<p>  <\/p>\n<li>Operasyonlar \u0130stanbul ve Adana&#8217;dan sonra \u0130zmir&#8217;e s\u0131\u00e7rad\u0131.<\/li>\n<p>  <\/p>\n<li>CHP Genel Ba\u015fkan Yard\u0131mc\u0131lar\u0131 ve milletvekilleri adliyede destek verdi.<\/li>\n<\/ul>\n<p><\/ul><\/p>\n","protected":false},"excerpt":{"rendered":"<p>CHP \u0130zmir \u0130l Ba\u015fkan\u0131 G\u00f6zalt\u0131na Al\u0131nd\u0131 CHP \u0130zmir \u0130l Ba\u015fkan\u0131 \u015eenol Aslano\u011flu, \u0130zmir Adliyesinde g\u00f6zalt\u0131na al\u0131nd\u0131. Partililer, Aslano\u011flu\u2019na destek vermek i\u00e7in adliyede topland\u0131. CHP Genel Ba\u015fkan Yard\u0131mc\u0131lar\u0131 ve milletvekilleri de adliyede haz\u0131r bulundu. Operasyonlar \u0130stanbul ve Adana&#8217;dan Sonra \u0130zmir&#8217;e S\u0131\u00e7rad\u0131&#8230;<\/p>\n","protected":false},"author":1,"featured_media":31033,"comment_status":"closed","ping_status":"closed","sticky":false,"template":"","format":"standard","meta":{"footnotes":""},"categories":[23],"tags":[],"class_list":["post-31032","post","type-post","status-publish","format-standard","has-post-thumbnail","hentry","category-siyaset"],"_links":{"self":[{"href":"http:\/\/gazetevizyon.com\/index.php?rest_route=\/wp\/v2\/posts\/31032","targetHints":{"allow":["GET"]}}],"collection":[{"href":"http:\/\/gazetevizyon.com\/index.php?rest_route=\/wp\/v2\/posts"}],"about":[{"href":"http:\/\/gazetevizyon.com\/index.php?rest_route=\/wp\/v2\/types\/post"}],"author":[{"embeddable":true,"href":"http:\/\/gazetevizyon.com\/index.php?rest_route=\/wp\/v2\/users\/1"}],"replies":[{"embeddable":true,"href":"http:\/\/gazetevizyon.com\/index.php?rest_route=%2Fwp%2Fv2%2Fcomments&post=31032"}],"version-history":[{"count":1,"href":"http:\/\/gazetevizyon.com\/index.php?rest_route=\/wp\/v2\/posts\/31032\/revisions"}],"predecessor-version":[{"id":31045,"href":"http:\/\/gazetevizyon.com\/index.php?rest_route=\/wp\/v2\/posts\/31032\/revisions\/31045"}],"wp:featuredmedia":[{"embeddable":true,"href":"http:\/\/gazetevizyon.com\/index.php?rest_route=\/wp\/v2\/media\/31033"}],"wp:attachment":[{"href":"http:\/\/gazetevizyon.com\/index.php?rest_route=%2Fwp%2Fv2%2Fmedia&parent=31032"}],"wp:term":[{"taxonomy":"category","embeddable":true,"href":"http:\/\/gazetevizyon.com\/index.php?rest_route=%2Fwp%2Fv2%2Fcategories&post=31032"},{"taxonomy":"post_tag","embeddable":true,"href":"http:\/\/gazetevizyon.com\/index.php?rest_route=%2Fwp%2Fv2%2Ftags&post=31032"}],"curies":[{"name":"wp","href":"https:\/\/api.w.org\/{rel}","templated":true}]}}