{"id":31182,"date":"2025-07-08T13:31:15","date_gmt":"2025-07-08T13:31:15","guid":{"rendered":"http:\/\/gazetevizyon.com\/?p=31182"},"modified":"2025-07-08T13:31:15","modified_gmt":"2025-07-08T13:31:15","slug":"chpden-corlu-tren-katliami-anmasi-adalet-talebi-devam-ediyor","status":"publish","type":"post","link":"http:\/\/gazetevizyon.com\/?p=31182","title":{"rendered":"CHP&#8217;den \u00c7orlu Tren Katliam\u0131 Anmas\u0131: Adalet Talebi Devam Ediyor"},"content":{"rendered":"<p>\n<h2>\u00c7orlu Tren Katliam\u0131\u2019nda Anma ve Adalet \u00c7a\u011fr\u0131s\u0131<\/h2>\n<\/p>\n<p><\/p>\n<p>CHP Bal\u0131kesir \u0130l Ba\u015fkanl\u0131\u011f\u0131, <strong>\u00c7orlu Tren Katliam\u0131<\/strong>\u2019nda hayat\u0131n\u0131 kaybeden 25 ki\u015fiyi and\u0131. Yap\u0131lan a\u00e7\u0131klamada, adaletin sa\u011flanana kadar m\u00fccadelenin devam edece\u011fi vurguland\u0131.<\/p>\n<p><\/p>\n<p><h3>Katliamda Kaybedilen Canlar An\u0131ld\u0131<\/h3>\n<\/p>\n<p><\/p>\n<p>CHP Bal\u0131kesir \u0130l Ba\u015fkanl\u0131\u011f\u0131, <strong>\u00c7orlu Tren Katliam\u0131<\/strong>\u2019nda yitirdi\u011fimiz 25 can\u0131 rahmet ve sayg\u0131yla and\u0131\u011f\u0131n\u0131 belirterek, ac\u0131 dolu an\u0131lar\u0131 hat\u0131rlatt\u0131. A\u00e7\u0131klamada, tren kazas\u0131nda hayat\u0131n\u0131 kaybedenlerin ailelerinin ve sevdiklerinin ac\u0131lar\u0131 payla\u015f\u0131ld\u0131.<\/p>\n<p><\/p>\n<p><h3>Adalet Talebi Devam Ediyor<\/h3>\n<\/p>\n<p><\/p>\n<p>CHP Bal\u0131kesir \u0130l Ba\u015fkanl\u0131\u011f\u0131, <strong>adalet<\/strong> sa\u011flanana kadar m\u00fccadelelerinin s\u00fcrece\u011fini ifade etti. Kazan\u0131n ard\u0131ndan ba\u015flat\u0131lan yarg\u0131 s\u00fcre\u00e7lerinde gelinen noktadan memnun olmad\u0131klar\u0131 ve sorumlular\u0131n hesap vermesi i\u00e7in \u00e7abalar\u0131n\u0131 art\u0131racaklar\u0131 belirtildi.<\/p>\n<p><\/p>\n<p><h3>M\u00fccadele Kararl\u0131l\u0131\u011f\u0131<\/h3>\n<\/p>\n<p><\/p>\n<p>CHP Bal\u0131kesir \u0130l Ba\u015fkanl\u0131\u011f\u0131\u2019n\u0131n a\u00e7\u0131klamas\u0131, <strong>\u00c7orlu Tren Katliam\u0131<\/strong>\u2019n\u0131n unutulmayaca\u011f\u0131n\u0131 ve adaletin yerini bulmas\u0131 i\u00e7in kararl\u0131l\u0131kla \u00e7al\u0131\u015facaklar\u0131n\u0131 g\u00f6steriyor.<\/p>\n<p><\/p>\n<p><ul>  <\/p>\n<ul>\n<li>CHP Bal\u0131kesir \u0130l Ba\u015fkanl\u0131\u011f\u0131, katliamda hayat\u0131n\u0131 kaybeden 25 ki\u015fiyi and\u0131.<\/li>\n<p>  <\/p>\n<li>Adalet talebi vurgulanarak, m\u00fccadelenin devam edece\u011fi belirtildi.<\/li>\n<\/ul>\n<p><\/ul><\/p>\n","protected":false},"excerpt":{"rendered":"<p>\u00c7orlu Tren Katliam\u0131\u2019nda Anma ve Adalet \u00c7a\u011fr\u0131s\u0131 CHP Bal\u0131kesir \u0130l Ba\u015fkanl\u0131\u011f\u0131, \u00c7orlu Tren Katliam\u0131\u2019nda hayat\u0131n\u0131 kaybeden 25 ki\u015fiyi and\u0131. Yap\u0131lan a\u00e7\u0131klamada, adaletin sa\u011flanana kadar m\u00fccadelenin devam edece\u011fi vurguland\u0131. Katliamda Kaybedilen Canlar An\u0131ld\u0131 CHP Bal\u0131kesir \u0130l Ba\u015fkanl\u0131\u011f\u0131, \u00c7orlu Tren Katliam\u0131\u2019nda yitirdi\u011fimiz&#8230;<\/p>\n","protected":false},"author":1,"featured_media":0,"comment_status":"closed","ping_status":"closed","sticky":false,"template":"","format":"standard","meta":{"footnotes":""},"categories":[23],"tags":[],"class_list":["post-31182","post","type-post","status-publish","format-standard","hentry","category-siyaset"],"_links":{"self":[{"href":"http:\/\/gazetevizyon.com\/index.php?rest_route=\/wp\/v2\/posts\/31182","targetHints":{"allow":["GET"]}}],"collection":[{"href":"http:\/\/gazetevizyon.com\/index.php?rest_route=\/wp\/v2\/posts"}],"about":[{"href":"http:\/\/gazetevizyon.com\/index.php?rest_route=\/wp\/v2\/types\/post"}],"author":[{"embeddable":true,"href":"http:\/\/gazetevizyon.com\/index.php?rest_route=\/wp\/v2\/users\/1"}],"replies":[{"embeddable":true,"href":"http:\/\/gazetevizyon.com\/index.php?rest_route=%2Fwp%2Fv2%2Fcomments&post=31182"}],"version-history":[{"count":1,"href":"http:\/\/gazetevizyon.com\/index.php?rest_route=\/wp\/v2\/posts\/31182\/revisions"}],"predecessor-version":[{"id":31185,"href":"http:\/\/gazetevizyon.com\/index.php?rest_route=\/wp\/v2\/posts\/31182\/revisions\/31185"}],"wp:attachment":[{"href":"http:\/\/gazetevizyon.com\/index.php?rest_route=%2Fwp%2Fv2%2Fmedia&parent=31182"}],"wp:term":[{"taxonomy":"category","embeddable":true,"href":"http:\/\/gazetevizyon.com\/index.php?rest_route=%2Fwp%2Fv2%2Fcategories&post=31182"},{"taxonomy":"post_tag","embeddable":true,"href":"http:\/\/gazetevizyon.com\/index.php?rest_route=%2Fwp%2Fv2%2Ftags&post=31182"}],"curies":[{"name":"wp","href":"https:\/\/api.w.org\/{rel}","templated":true}]}}