{"id":31243,"date":"2025-07-10T16:28:37","date_gmt":"2025-07-10T16:28:37","guid":{"rendered":"http:\/\/gazetevizyon.com\/?p=31243"},"modified":"2025-07-10T16:28:37","modified_gmt":"2025-07-10T16:28:37","slug":"bandirma-muftulugu-yaz-kuran-kurslarinda-mahremiyet-ve-teknoloji-bagimliligi-egitimi","status":"publish","type":"post","link":"http:\/\/gazetevizyon.com\/?p=31243","title":{"rendered":"Band\u0131rma M\u00fcft\u00fcl\u00fc\u011f\u00fc Yaz Kur&#8217;an Kurslar\u0131nda Mahremiyet ve Teknoloji Ba\u011f\u0131ml\u0131l\u0131\u011f\u0131 E\u011fitimi"},"content":{"rendered":"<p>\n<h2>Band\u0131rma&#8217;da Yaz Kur&#8217;an Kurslar\u0131 Ba\u015flad\u0131<\/h2>\n<\/p>\n<p><\/p>\n<p>Band\u0131rma M\u00fcft\u00fcl\u00fc\u011f\u00fc Aile ve Dini Rehberlik B\u00fcrosu, yaz kur&#8217;an kurslar\u0131nda \u00f6\u011frencilere y\u00f6nelik <strong>mahremiyet e\u011fitimi<\/strong> ve <strong>teknoloji ba\u011f\u0131ml\u0131l\u0131\u011f\u0131<\/strong> seminerleri d\u00fczenliyor. D\u0130B taraf\u0131ndan haz\u0131rlanan e\u011fitim programlar\u0131, \u00f6\u011frencilerin bilin\u00e7lenmesi ve do\u011fru bilgilere ula\u015fmas\u0131 amac\u0131yla hayata ge\u00e7iriliyor.<\/p>\n<p><\/p>\n<p><h2>E\u011fitimler \u0130hsaniye ve Tekke Camilerinde Veriliyor<\/h2>\n<\/p>\n<p><\/p>\n<p>Bu kapsamda, \u0130hsaniye Camii Yaz Kur&#8217;an Kursu ve Tekke Ali R\u0131za el Bezzaz Yat\u0131l\u0131 Haf\u0131zl\u0131k Kuran Kursu&#8217;nda \u0130l\u00e7e Vaizi ve ADRB Koordinat\u00f6r\u00fc Emrullah Sayar taraf\u0131ndan seminerler verildi. <strong>Yaz kur&#8217;an kurslar\u0131<\/strong>nda \u00f6\u011frencilerin geli\u015fimine katk\u0131da bulunmak amac\u0131yla d\u00fczenlenen e\u011fitimler, yo\u011fun ilgi g\u00f6r\u00fcyor.<\/p>\n<p><\/p>\n<p><h3>Mahremiyet ve Teknoloji Ba\u011f\u0131ml\u0131l\u0131\u011f\u0131na Dikkat \u00c7ekiliyor<\/h3>\n<\/p>\n<p><\/p>\n<p>Seminerlerde \u00f6\u011frencilere <strong>mahremiyetin \u00f6nemi<\/strong> ve <strong>teknoloji ba\u011f\u0131ml\u0131l\u0131\u011f\u0131n\u0131n zararlar\u0131<\/strong> anlat\u0131l\u0131yor. E\u011fitimlerde ayr\u0131ca, g\u00fcvenli internet kullan\u0131m\u0131, sosyal medya riskleri ve dijital d\u00fcnyadaki tehdetlere kar\u015f\u0131 bilin\u00e7lendirme \u00e7al\u0131\u015fmalar\u0131 yap\u0131l\u0131yor.<\/p>\n<p><\/p>\n<p><h3>Din G\u00f6revlilerine Te\u015fekk\u00fcr<\/h3>\n<\/p>\n<p><\/p>\n<p>Band\u0131rma M\u00fcft\u00fcl\u00fc\u011f\u00fc, e\u011fitimlere katk\u0131da bulunan din g\u00f6revlilerine ve Kur&#8217;an Kursu \u00f6\u011freticilerine te\u015fekk\u00fcr etti. <strong>Din g\u00f6revlileri<\/strong>nin \u00f6zverili \u00e7al\u0131\u015fmalar\u0131, yaz kur&#8217;an kurslar\u0131n\u0131n verimli bir \u015fekilde y\u00fcr\u00fct\u00fclmesine katk\u0131 sa\u011fl\u0131yor.<\/p>\n<p><\/p>\n<p><h3>E\u011fitimler Sezon Boyunca Devam Edecek<\/h3>\n<\/p>\n<p><\/p>\n<p>Band\u0131rma M\u00fcft\u00fcl\u00fc\u011f\u00fc taraf\u0131ndan d\u00fczenlenen e\u011fitimler, yaz kur&#8217;an kurslar\u0131 sezonu boyunca devam edecek. Bu e\u011fitimlerle \u00f6\u011frencilerin hem dini bilgi d\u00fczeyinin art\u0131r\u0131lmas\u0131 hem de <strong>sosyal sorumluluk<\/strong> bilincinin geli\u015ftirilmesi hedefleniyor.<\/p><\/p>\n","protected":false},"excerpt":{"rendered":"<p>Band\u0131rma&#8217;da Yaz Kur&#8217;an Kurslar\u0131 Ba\u015flad\u0131 Band\u0131rma M\u00fcft\u00fcl\u00fc\u011f\u00fc Aile ve Dini Rehberlik B\u00fcrosu, yaz kur&#8217;an kurslar\u0131nda \u00f6\u011frencilere y\u00f6nelik mahremiyet e\u011fitimi ve teknoloji ba\u011f\u0131ml\u0131l\u0131\u011f\u0131 seminerleri d\u00fczenliyor. D\u0130B taraf\u0131ndan haz\u0131rlanan e\u011fitim programlar\u0131, \u00f6\u011frencilerin bilin\u00e7lenmesi ve do\u011fru bilgilere ula\u015fmas\u0131 amac\u0131yla hayata ge\u00e7iriliyor. E\u011fitimler \u0130hsaniye&#8230;<\/p>\n","protected":false},"author":1,"featured_media":31244,"comment_status":"closed","ping_status":"closed","sticky":false,"template":"","format":"standard","meta":{"footnotes":""},"categories":[36],"tags":[],"class_list":["post-31243","post","type-post","status-publish","format-standard","has-post-thumbnail","hentry","category-manset"],"_links":{"self":[{"href":"http:\/\/gazetevizyon.com\/index.php?rest_route=\/wp\/v2\/posts\/31243","targetHints":{"allow":["GET"]}}],"collection":[{"href":"http:\/\/gazetevizyon.com\/index.php?rest_route=\/wp\/v2\/posts"}],"about":[{"href":"http:\/\/gazetevizyon.com\/index.php?rest_route=\/wp\/v2\/types\/post"}],"author":[{"embeddable":true,"href":"http:\/\/gazetevizyon.com\/index.php?rest_route=\/wp\/v2\/users\/1"}],"replies":[{"embeddable":true,"href":"http:\/\/gazetevizyon.com\/index.php?rest_route=%2Fwp%2Fv2%2Fcomments&post=31243"}],"version-history":[{"count":1,"href":"http:\/\/gazetevizyon.com\/index.php?rest_route=\/wp\/v2\/posts\/31243\/revisions"}],"predecessor-version":[{"id":31250,"href":"http:\/\/gazetevizyon.com\/index.php?rest_route=\/wp\/v2\/posts\/31243\/revisions\/31250"}],"wp:featuredmedia":[{"embeddable":true,"href":"http:\/\/gazetevizyon.com\/index.php?rest_route=\/wp\/v2\/media\/31244"}],"wp:attachment":[{"href":"http:\/\/gazetevizyon.com\/index.php?rest_route=%2Fwp%2Fv2%2Fmedia&parent=31243"}],"wp:term":[{"taxonomy":"category","embeddable":true,"href":"http:\/\/gazetevizyon.com\/index.php?rest_route=%2Fwp%2Fv2%2Fcategories&post=31243"},{"taxonomy":"post_tag","embeddable":true,"href":"http:\/\/gazetevizyon.com\/index.php?rest_route=%2Fwp%2Fv2%2Ftags&post=31243"}],"curies":[{"name":"wp","href":"https:\/\/api.w.org\/{rel}","templated":true}]}}