{"id":31245,"date":"2025-07-10T16:29:11","date_gmt":"2025-07-10T16:29:11","guid":{"rendered":"http:\/\/gazetevizyon.com\/?p=31245"},"modified":"2025-07-10T16:29:11","modified_gmt":"2025-07-10T16:29:11","slug":"gazi-meclisi-ziyaretcileri-yogun-ilgi-gordu","status":"publish","type":"post","link":"http:\/\/gazetevizyon.com\/?p=31245","title":{"rendered":"Gazi Meclis\u2019i Ziyaret\u00e7ileri Yo\u011fun \u0130lg\u0131 G\u00f6rd\u00fc"},"content":{"rendered":"<p>\n<h2>Gazi Meclis\u2019e \u00d6nemli Ziyaretler Ger\u00e7ekle\u015fti<\/h2>\n<\/p>\n<p><\/p>\n<p><p><strong>Gazi Meclis<\/strong>, son g\u00fcnlerde bir\u00e7ok \u00f6nemli ziyaret\u00e7iyi a\u011f\u0131rlad\u0131. \u00d6zellikle <strong>Bal\u0131kesir \u0130vrindi \u0130l\u00e7e Milli E\u011fitim M\u00fcd\u00fcr\u00fc Mustafa Y\u00fccel<\/strong>\u2019in ger\u00e7ekle\u015ftirdi\u011fi ziyaret, e\u011fitim alan\u0131ndaki i\u015f birli\u011fi potansiyelini vurgulad\u0131.<\/p>\n<\/p>\n<p><\/p>\n<p><h2>Ziyaret\u00e7iler Kimlerdi?<\/h2>\n<\/p>\n<p><\/p>\n<p><p>Gazi Meclis\u2019i ziyaret eden isimler aras\u0131nda <strong>Mustafa Y\u00fccel<\/strong>\u2019in yan\u0131 s\u0131ra <strong>Sava\u015ftepe Belediye Ba\u015fkan\u0131 Ali Koyuncu<\/strong>, meclis \u00fcyesi <strong>Faruk Akkoca<\/strong>, <strong>\u0130brahim Topalc\u0131<\/strong> ve <strong>Zafer \u015eahino\u011flu<\/strong> ile ailesi de yer ald\u0131. Ziyaretler, \u00e7e\u015fitli konular\u0131n g\u00f6r\u00fc\u015f\u00fclmesi ve isti\u015farelerin yap\u0131lmas\u0131 amac\u0131yla ger\u00e7ekle\u015ftirildi.<\/p>\n<\/p>\n<p><\/p>\n<p><h2>Ziyaretlerin Amac\u0131 Ne Olabilirdi?<\/h2>\n<\/p>\n<p><\/p>\n<p><p>Ziyaretlerin i\u00e7eri\u011fi hakk\u0131nda resmi bir a\u00e7\u0131klama yap\u0131lmam\u0131\u015f olsa da, yerel y\u00f6netimlerin ve e\u011fitim kurumlar\u0131n\u0131n Gazi Meclis ile i\u015f birli\u011fi olanaklar\u0131n\u0131 de\u011ferlendirmesi ve ortak projeler geli\u015ftirilmesi hedefleniyor olabilir. \u00d6zellikle <strong>Bal\u0131kesir<\/strong> ve <strong>Sava\u015ftepe<\/strong> b\u00f6lgelerindeki e\u011fitim ve belediyecilik alanlar\u0131ndaki geli\u015fmelerin ele al\u0131nmas\u0131 muhtemeldir.<\/p>\n<\/p>\n<p><\/p>\n<p><h2>Ziyaretlere Te\u015fekk\u00fcr Mesaj\u0131<\/h2>\n<\/p>\n<p><\/p>\n<p><p>Gazi Meclis yetkilileri, ziyaretlerinden dolay\u0131 t\u00fcm konuklara te\u015fekk\u00fcrlerini iletti. Yap\u0131lan a\u00e7\u0131klamada, ziyaretlerin verimli ge\u00e7ti\u011fi ve isti\u015farelerin olumlu sonu\u00e7lar do\u011furaca\u011f\u0131 belirtildi. Yetkililer, gelecekte de benzer ziyaretlerin devam etmesini temenni etti.<\/p><\/p>\n","protected":false},"excerpt":{"rendered":"<p>Gazi Meclis\u2019e \u00d6nemli Ziyaretler Ger\u00e7ekle\u015fti Gazi Meclis, son g\u00fcnlerde bir\u00e7ok \u00f6nemli ziyaret\u00e7iyi a\u011f\u0131rlad\u0131. \u00d6zellikle Bal\u0131kesir \u0130vrindi \u0130l\u00e7e Milli E\u011fitim M\u00fcd\u00fcr\u00fc Mustafa Y\u00fccel\u2019in ger\u00e7ekle\u015ftirdi\u011fi ziyaret, e\u011fitim alan\u0131ndaki i\u015f birli\u011fi potansiyelini vurgulad\u0131. Ziyaret\u00e7iler Kimlerdi? Gazi Meclis\u2019i ziyaret eden isimler aras\u0131nda Mustafa Y\u00fccel\u2019in&#8230;<\/p>\n","protected":false},"author":1,"featured_media":31246,"comment_status":"closed","ping_status":"closed","sticky":false,"template":"","format":"standard","meta":{"footnotes":""},"categories":[23],"tags":[],"class_list":["post-31245","post","type-post","status-publish","format-standard","has-post-thumbnail","hentry","category-siyaset"],"_links":{"self":[{"href":"http:\/\/gazetevizyon.com\/index.php?rest_route=\/wp\/v2\/posts\/31245","targetHints":{"allow":["GET"]}}],"collection":[{"href":"http:\/\/gazetevizyon.com\/index.php?rest_route=\/wp\/v2\/posts"}],"about":[{"href":"http:\/\/gazetevizyon.com\/index.php?rest_route=\/wp\/v2\/types\/post"}],"author":[{"embeddable":true,"href":"http:\/\/gazetevizyon.com\/index.php?rest_route=\/wp\/v2\/users\/1"}],"replies":[{"embeddable":true,"href":"http:\/\/gazetevizyon.com\/index.php?rest_route=%2Fwp%2Fv2%2Fcomments&post=31245"}],"version-history":[{"count":1,"href":"http:\/\/gazetevizyon.com\/index.php?rest_route=\/wp\/v2\/posts\/31245\/revisions"}],"predecessor-version":[{"id":31251,"href":"http:\/\/gazetevizyon.com\/index.php?rest_route=\/wp\/v2\/posts\/31245\/revisions\/31251"}],"wp:featuredmedia":[{"embeddable":true,"href":"http:\/\/gazetevizyon.com\/index.php?rest_route=\/wp\/v2\/media\/31246"}],"wp:attachment":[{"href":"http:\/\/gazetevizyon.com\/index.php?rest_route=%2Fwp%2Fv2%2Fmedia&parent=31245"}],"wp:term":[{"taxonomy":"category","embeddable":true,"href":"http:\/\/gazetevizyon.com\/index.php?rest_route=%2Fwp%2Fv2%2Fcategories&post=31245"},{"taxonomy":"post_tag","embeddable":true,"href":"http:\/\/gazetevizyon.com\/index.php?rest_route=%2Fwp%2Fv2%2Ftags&post=31245"}],"curies":[{"name":"wp","href":"https:\/\/api.w.org\/{rel}","templated":true}]}}