{"id":31424,"date":"2025-07-18T01:31:00","date_gmt":"2025-07-18T01:31:00","guid":{"rendered":"http:\/\/gazetevizyon.com\/?p=31424"},"modified":"2025-07-18T01:31:00","modified_gmt":"2025-07-18T01:31:00","slug":"tbmmde-zeytinlik-iptali-mucadelesi-devam-ediyor","status":"publish","type":"post","link":"http:\/\/gazetevizyon.com\/?p=31424","title":{"rendered":"TBMM&#8217;de Zeytinlik \u0130ptali M\u00fccadelesi Devam Ediyor"},"content":{"rendered":"<p>\n<h2>TBMM Genel Kurulu&#8217;nda Zeytinlik \u0130ptali Tepkisi<\/h2>\n<\/p>\n<p><\/p>\n<p><p>TBMM Genel Kurulu&#8217;nda, <strong>zeytinliklere ipotek koyulmas\u0131<\/strong>na kar\u015f\u0131 \u00e7\u0131kan vatanda\u015flar\u0131n sesi duyulmaya \u00e7al\u0131\u015f\u0131l\u0131yor. Serkan Sar\u0131, iktidar\u0131n bu konudaki tutumuna kar\u015f\u0131 m\u00fccadelesini s\u00fcrd\u00fcrd\u00fc\u011f\u00fcn\u00fc belirtti.<\/p>\n<\/p>\n<p><\/p>\n<p><h3>Vatanda\u015flar\u0131n Tepkileri ve Serkan Sar\u0131&#8217;n\u0131n Tutumu<\/h3>\n<\/p>\n<p><\/p>\n<p><p>Zeytinliklerine ipotek konulmas\u0131 nedeniyle ma\u011fdur olan vatanda\u015flar\u0131n tepkileri, TBMM Genel Kurulu&#8217;nda yank\u0131 buluyor. Serkan Sar\u0131, iktidar\u0131n bu konuda <strong>vatanda\u015flar\u0131n sesine kulak t\u0131kayan<\/strong> bir tutum sergiledi\u011fini vurgulad\u0131.<\/p>\n<\/p>\n<p><\/p>\n<p><h3>M\u00fccadele S\u00fcreci ve Hedefler<\/h3>\n<\/p>\n<p><\/p>\n<p><p>Serkan Sar\u0131, TBMM Genel Kurulu&#8217;nda iktidara kar\u015f\u0131 verilen <strong>m\u00fccadeleyi<\/strong> s\u00fcrd\u00fcrd\u00fcklerini ve vatanda\u015flar\u0131n haklar\u0131n\u0131 savunmaya devam edeceklerini ifade etti. Bu m\u00fccadele, zeytinliklerin korunmas\u0131 ve vatanda\u015flar\u0131n ma\u011fduriyetinin giderilmesi amac\u0131yla y\u00fcr\u00fct\u00fcl\u00fcyor. <\/p>\n<\/p>\n<p><\/p>\n<p><ul>  <\/p>\n<ul>\n<li>\u0130ktidar\u0131n tutumunun de\u011fi\u015ftirilmesi hedefleniyor.<\/li>\n<p>  <\/p>\n<li>Zeytinliklere konulan ipoteklerin kald\u0131r\u0131lmas\u0131 isteniyor.<\/li>\n<p>  <\/p>\n<li>Vatanda\u015flar\u0131n ma\u011fduriyetinin giderilmesi i\u00e7in \u00e7\u00f6z\u00fcm \u00f6nerileri sunuluyor.<\/li>\n<\/ul>\n<p><\/ul>\n<\/p>\n<p><\/p>\n<p><p>Serkan Sar\u0131, <strong>TBMM Genel Kurulu&#8217;nda<\/strong> yap\u0131lan konu\u015fmalarla ve giri\u015fimlerle iktidar\u0131n bu konudaki hassasiyetini art\u0131rmaya \u00e7al\u0131\u015ft\u0131klar\u0131n\u0131 belirtti.<\/p><\/p>\n","protected":false},"excerpt":{"rendered":"<p>TBMM Genel Kurulu&#8217;nda Zeytinlik \u0130ptali Tepkisi TBMM Genel Kurulu&#8217;nda, zeytinliklere ipotek koyulmas\u0131na kar\u015f\u0131 \u00e7\u0131kan vatanda\u015flar\u0131n sesi duyulmaya \u00e7al\u0131\u015f\u0131l\u0131yor. Serkan Sar\u0131, iktidar\u0131n bu konudaki tutumuna kar\u015f\u0131 m\u00fccadelesini s\u00fcrd\u00fcrd\u00fc\u011f\u00fcn\u00fc belirtti. Vatanda\u015flar\u0131n Tepkileri ve Serkan Sar\u0131&#8217;n\u0131n Tutumu Zeytinliklerine ipotek konulmas\u0131 nedeniyle ma\u011fdur olan&#8230;<\/p>\n","protected":false},"author":1,"featured_media":31425,"comment_status":"closed","ping_status":"closed","sticky":false,"template":"","format":"standard","meta":{"footnotes":""},"categories":[23],"tags":[],"class_list":["post-31424","post","type-post","status-publish","format-standard","has-post-thumbnail","hentry","category-siyaset"],"_links":{"self":[{"href":"http:\/\/gazetevizyon.com\/index.php?rest_route=\/wp\/v2\/posts\/31424","targetHints":{"allow":["GET"]}}],"collection":[{"href":"http:\/\/gazetevizyon.com\/index.php?rest_route=\/wp\/v2\/posts"}],"about":[{"href":"http:\/\/gazetevizyon.com\/index.php?rest_route=\/wp\/v2\/types\/post"}],"author":[{"embeddable":true,"href":"http:\/\/gazetevizyon.com\/index.php?rest_route=\/wp\/v2\/users\/1"}],"replies":[{"embeddable":true,"href":"http:\/\/gazetevizyon.com\/index.php?rest_route=%2Fwp%2Fv2%2Fcomments&post=31424"}],"version-history":[{"count":1,"href":"http:\/\/gazetevizyon.com\/index.php?rest_route=\/wp\/v2\/posts\/31424\/revisions"}],"predecessor-version":[{"id":31430,"href":"http:\/\/gazetevizyon.com\/index.php?rest_route=\/wp\/v2\/posts\/31424\/revisions\/31430"}],"wp:featuredmedia":[{"embeddable":true,"href":"http:\/\/gazetevizyon.com\/index.php?rest_route=\/wp\/v2\/media\/31425"}],"wp:attachment":[{"href":"http:\/\/gazetevizyon.com\/index.php?rest_route=%2Fwp%2Fv2%2Fmedia&parent=31424"}],"wp:term":[{"taxonomy":"category","embeddable":true,"href":"http:\/\/gazetevizyon.com\/index.php?rest_route=%2Fwp%2Fv2%2Fcategories&post=31424"},{"taxonomy":"post_tag","embeddable":true,"href":"http:\/\/gazetevizyon.com\/index.php?rest_route=%2Fwp%2Fv2%2Ftags&post=31424"}],"curies":[{"name":"wp","href":"https:\/\/api.w.org\/{rel}","templated":true}]}}