{"id":31497,"date":"2025-07-21T01:33:24","date_gmt":"2025-07-21T01:33:24","guid":{"rendered":"http:\/\/gazetevizyon.com\/?p=31497"},"modified":"2025-07-21T01:33:24","modified_gmt":"2025-07-21T01:33:24","slug":"chp-balikesir-il-baskani-ulke-iktidari-hedefinde-kararlilik","status":"publish","type":"post","link":"http:\/\/gazetevizyon.com\/?p=31497","title":{"rendered":"CHP Bal\u0131kesir \u0130l Ba\u015fkan\u0131: \u00dclke \u0130ktidar\u0131 Hedefinde Kararl\u0131l\u0131k"},"content":{"rendered":"<p>\n<h2>CHP Bal\u0131kesir&#8217;de \u0130ttifak Mesaj\u0131 ve \u0130ktidar Hedefi<\/h2>\n<\/p>\n<p><\/p>\n<p><p><strong>CHP Bal\u0131kesir \u0130l Ba\u015fkan\u0131<\/strong>, 30 Kas\u0131m 2023 tarihinde ger\u00e7ekle\u015ftirdi\u011fi bas\u0131n toplant\u0131s\u0131nda, Bal\u0131kesir\u2019de bir <strong>ittifak<\/strong>\u0131n olu\u015fmayaca\u011f\u0131n\u0131 ve vatanda\u015f\u0131n sand\u0131kta gere\u011fini yapaca\u011f\u0131n\u0131 vurgulad\u0131. \u0130l Ba\u015fkan\u0131, yakla\u015fan se\u00e7imlerde <strong>vatanda\u015flar\u0131n<\/strong> sand\u0131kta g\u00f6sterece\u011fi kararl\u0131l\u0131\u011f\u0131n \u00f6nemine dikkat \u00e7ekti.<\/p>\n<\/p>\n<p><\/p>\n<p><h3>Yerel Y\u00f6netimlerde Ba\u015far\u0131 Hedefi<\/h3>\n<\/p>\n<p><\/p>\n<p><p>Toplant\u0131da, <strong>Ahmet Ak\u0131n<\/strong> ile birlikte Bal\u0131kesir B\u00fcy\u00fck\u015fehir Belediyesi&#8217;ni kazanma hedeflerinin alt\u0131 \u00e7izildi. \u0130l Ba\u015fkan\u0131, bununla s\u0131n\u0131rl\u0131 kalmayarak 14 il\u00e7e belediyesini de kazanma \u00f6ng\u00f6r\u00fcs\u00fcnde bulundu\u011funu ifade etti. <strong>Yerel y\u00f6netimlerdeki ba\u015far\u0131<\/strong>, genel se\u00e7imlere giden yolda \u00f6nemli bir motivasyon kayna\u011f\u0131 olarak de\u011ferlendirildi. \u0130l Ba\u015fkan\u0131, daha sonra bu hedefin 15 il\u00e7e belediyesi olarak ger\u00e7ekle\u015fti\u011fini m\u00fcjdeledi.<\/p>\n<\/p>\n<p><\/p>\n<p><h3>\u00dclke \u0130ktidar\u0131 \u0130\u00e7in Kararl\u0131l\u0131k<\/h3>\n<\/p>\n<p><\/p>\n<p><p>CHP Bal\u0131kesir \u0130l Ba\u015fkan\u0131, yerel se\u00e7imlerdeki ba\u015far\u0131lar\u0131n ard\u0131ndan, art\u0131k <strong>\u00fclke iktidar\u0131<\/strong> hedefinde kararl\u0131 olduklar\u0131n\u0131 ilan etti. \u0130l Ba\u015fkan\u0131, bu hedefe ula\u015fmak i\u00e7in omuz omuza birlikte hareket etme \u00e7a\u011fr\u0131s\u0131 yapt\u0131. <strong>G\u00fc\u00e7l\u00fc bir \u00f6rg\u00fct<\/strong> yap\u0131s\u0131n\u0131n, CHP\u2019nin iktidar yolunda en \u00f6nemli g\u00fcc\u00fc olaca\u011f\u0131 vurguland\u0131. <\/p>\n<\/p>\n<p><\/p>\n<p><h3>\u00d6rg\u00fct\u00fcn Rol\u00fc ve \u00d6nemi<\/h3>\n<\/p>\n<p><\/p>\n<p><p>\u0130l Ba\u015fkan\u0131, g\u00fc\u00e7l\u00fc bir \u00f6rg\u00fct\u00fcn, CHP&#8217;nin ba\u015far\u0131s\u0131 i\u00e7in hayati \u00f6nem ta\u015f\u0131d\u0131\u011f\u0131n\u0131 belirtti. \u00d6rg\u00fct\u00fcn, vatanda\u015flarla do\u011frudan ileti\u015fim kurarak, onlar\u0131n sorunlar\u0131n\u0131 ve taleplerini do\u011fru bir \u015fekilde anlamas\u0131 ve \u00e7\u00f6z\u00fcm \u00f6nerileri sunmas\u0131 gerekti\u011finin alt\u0131 \u00e7izildi. <strong>CHP\u2019nin iktidar olmas\u0131 i\u00e7in \u00f6rg\u00fct\u00fcn aktif rol almas\u0131<\/strong> gerekti\u011fi vurguland\u0131.<\/p><\/p>\n","protected":false},"excerpt":{"rendered":"<p>CHP Bal\u0131kesir&#8217;de \u0130ttifak Mesaj\u0131 ve \u0130ktidar Hedefi CHP Bal\u0131kesir \u0130l Ba\u015fkan\u0131, 30 Kas\u0131m 2023 tarihinde ger\u00e7ekle\u015ftirdi\u011fi bas\u0131n toplant\u0131s\u0131nda, Bal\u0131kesir\u2019de bir ittifak\u0131n olu\u015fmayaca\u011f\u0131n\u0131 ve vatanda\u015f\u0131n sand\u0131kta gere\u011fini yapaca\u011f\u0131n\u0131 vurgulad\u0131. \u0130l Ba\u015fkan\u0131, yakla\u015fan se\u00e7imlerde vatanda\u015flar\u0131n sand\u0131kta g\u00f6sterece\u011fi kararl\u0131l\u0131\u011f\u0131n \u00f6nemine dikkat \u00e7ekti. Yerel&#8230;<\/p>\n","protected":false},"author":1,"featured_media":31498,"comment_status":"closed","ping_status":"closed","sticky":false,"template":"","format":"standard","meta":{"footnotes":""},"categories":[23],"tags":[],"class_list":["post-31497","post","type-post","status-publish","format-standard","has-post-thumbnail","hentry","category-siyaset"],"_links":{"self":[{"href":"http:\/\/gazetevizyon.com\/index.php?rest_route=\/wp\/v2\/posts\/31497","targetHints":{"allow":["GET"]}}],"collection":[{"href":"http:\/\/gazetevizyon.com\/index.php?rest_route=\/wp\/v2\/posts"}],"about":[{"href":"http:\/\/gazetevizyon.com\/index.php?rest_route=\/wp\/v2\/types\/post"}],"author":[{"embeddable":true,"href":"http:\/\/gazetevizyon.com\/index.php?rest_route=\/wp\/v2\/users\/1"}],"replies":[{"embeddable":true,"href":"http:\/\/gazetevizyon.com\/index.php?rest_route=%2Fwp%2Fv2%2Fcomments&post=31497"}],"version-history":[{"count":1,"href":"http:\/\/gazetevizyon.com\/index.php?rest_route=\/wp\/v2\/posts\/31497\/revisions"}],"predecessor-version":[{"id":31506,"href":"http:\/\/gazetevizyon.com\/index.php?rest_route=\/wp\/v2\/posts\/31497\/revisions\/31506"}],"wp:featuredmedia":[{"embeddable":true,"href":"http:\/\/gazetevizyon.com\/index.php?rest_route=\/wp\/v2\/media\/31498"}],"wp:attachment":[{"href":"http:\/\/gazetevizyon.com\/index.php?rest_route=%2Fwp%2Fv2%2Fmedia&parent=31497"}],"wp:term":[{"taxonomy":"category","embeddable":true,"href":"http:\/\/gazetevizyon.com\/index.php?rest_route=%2Fwp%2Fv2%2Fcategories&post=31497"},{"taxonomy":"post_tag","embeddable":true,"href":"http:\/\/gazetevizyon.com\/index.php?rest_route=%2Fwp%2Fv2%2Ftags&post=31497"}],"curies":[{"name":"wp","href":"https:\/\/api.w.org\/{rel}","templated":true}]}}