{"id":31733,"date":"2025-07-27T00:00:40","date_gmt":"2025-07-27T00:00:40","guid":{"rendered":"http:\/\/gazetevizyon.com\/?p=31733"},"modified":"2025-07-27T00:00:40","modified_gmt":"2025-07-27T00:00:40","slug":"edremitte-ask-yeserdi-ozkan-kostakin-kizi-evlendi","status":"publish","type":"post","link":"http:\/\/gazetevizyon.com\/?p=31733","title":{"rendered":"Edremit&#8217;te A\u015fk Ye\u015ferdi: \u00d6zkan Kostak&#8217;\u0131n K\u0131z\u0131 Evlendi"},"content":{"rendered":"<p>\n<h2>Edremit&#8217;te D\u00fc\u011f\u00fcn Heyecan\u0131<\/h2>\n<\/p>\n<p><\/p>\n<p><p>AK Parti Edremit kurucu il\u00e7e ba\u015fkan\u0131 <strong>\u00d6zkan Kostak<\/strong>\u2019\u0131n k\u0131z\u0131 H\u00fcmeyra, Halil Aksaoy ile hayat\u0131n\u0131 birle\u015ftirdi. D\u00fc\u011f\u00fcn merasimi, sevenlerinin ve yak\u0131nlar\u0131n\u0131n kat\u0131l\u0131m\u0131yla ger\u00e7ekle\u015fti.<\/p>\n<\/p>\n<p><\/p>\n<p><h2>Mutlulu\u011fa \u0130lk Ad\u0131m<\/h2>\n<\/p>\n<p><\/p>\n<p><p>Edremit&#8217;te d\u00fczenlenen d\u00fc\u011f\u00fcn t\u00f6reninde, gen\u00e7 \u00e7iftin mutlulu\u011fu g\u00f6zlerinden okunuyordu. AK Parti Edremit kurucu \u0130l\u00e7e Ba\u015fkan\u0131 \u00d6zkan Kostak ve Aksaoy ailesi, bu \u00f6zel g\u00fcnde b\u00fcy\u00fck bir heyecan ya\u015fad\u0131. D\u00fc\u011f\u00fcn merasimine kat\u0131lanlar, gen\u00e7 \u00e7ifti tebrik ederek, onlara yeni ya\u015famlar\u0131nda ba\u015far\u0131 ve mutluluk diledi.<\/p>\n<\/p>\n<p><\/p>\n<p><h2>Ailelerden Tebrik Mesaj\u0131<\/h2>\n<\/p>\n<p><\/p>\n<p><p>\u00d6zkan Kostak ve Aksaoy aileleri, bu \u00f6zel g\u00fcnde duyduklar\u0131 mutlulu\u011fu dile getirdi. Aileler, gen\u00e7 \u00e7iftin bir \u00f6m\u00fcr boyu s\u00fcrecek bir <strong>mutluluk<\/strong> diledi. D\u00fc\u011f\u00fcn t\u00f6reninde, gen\u00e7 \u00e7iftin yak\u0131nlar\u0131 ve dostlar\u0131, onlar\u0131n bu \u00f6zel g\u00fcn\u00fcnde yanlar\u0131nda bulundu.<\/p>\n<\/p>\n<p><\/p>\n<p><h2>Yeni Bir Hayata Ba\u015flang\u0131\u00e7<\/h2>\n<\/p>\n<p><\/p>\n<p><p>Gen\u00e7 \u00e7iftin <strong>evlili\u011fi<\/strong>, sevenleri taraf\u0131ndan b\u00fcy\u00fck bir co\u015fkuyla kar\u015f\u0131land\u0131. D\u00fc\u011f\u00fcn t\u00f6reninde, gen\u00e7 \u00e7iftin mutlulu\u011fu g\u00f6zlerden ka\u00e7mad\u0131. D\u00fc\u011f\u00fcn merasimi, <strong>Edremit<\/strong>&#8216;te unutulmaz an\u0131lara sahne oldu. <\/p><\/p>\n","protected":false},"excerpt":{"rendered":"<p>Edremit&#8217;te D\u00fc\u011f\u00fcn Heyecan\u0131 AK Parti Edremit kurucu il\u00e7e ba\u015fkan\u0131 \u00d6zkan Kostak\u2019\u0131n k\u0131z\u0131 H\u00fcmeyra, Halil Aksaoy ile hayat\u0131n\u0131 birle\u015ftirdi. D\u00fc\u011f\u00fcn merasimi, sevenlerinin ve yak\u0131nlar\u0131n\u0131n kat\u0131l\u0131m\u0131yla ger\u00e7ekle\u015fti. Mutlulu\u011fa \u0130lk Ad\u0131m Edremit&#8217;te d\u00fczenlenen d\u00fc\u011f\u00fcn t\u00f6reninde, gen\u00e7 \u00e7iftin mutlulu\u011fu g\u00f6zlerinden okunuyordu. AK Parti Edremit&#8230;<\/p>\n","protected":false},"author":1,"featured_media":31734,"comment_status":"closed","ping_status":"closed","sticky":false,"template":"","format":"standard","meta":{"footnotes":""},"categories":[23],"tags":[],"class_list":["post-31733","post","type-post","status-publish","format-standard","has-post-thumbnail","hentry","category-siyaset"],"_links":{"self":[{"href":"http:\/\/gazetevizyon.com\/index.php?rest_route=\/wp\/v2\/posts\/31733","targetHints":{"allow":["GET"]}}],"collection":[{"href":"http:\/\/gazetevizyon.com\/index.php?rest_route=\/wp\/v2\/posts"}],"about":[{"href":"http:\/\/gazetevizyon.com\/index.php?rest_route=\/wp\/v2\/types\/post"}],"author":[{"embeddable":true,"href":"http:\/\/gazetevizyon.com\/index.php?rest_route=\/wp\/v2\/users\/1"}],"replies":[{"embeddable":true,"href":"http:\/\/gazetevizyon.com\/index.php?rest_route=%2Fwp%2Fv2%2Fcomments&post=31733"}],"version-history":[{"count":1,"href":"http:\/\/gazetevizyon.com\/index.php?rest_route=\/wp\/v2\/posts\/31733\/revisions"}],"predecessor-version":[{"id":31738,"href":"http:\/\/gazetevizyon.com\/index.php?rest_route=\/wp\/v2\/posts\/31733\/revisions\/31738"}],"wp:featuredmedia":[{"embeddable":true,"href":"http:\/\/gazetevizyon.com\/index.php?rest_route=\/wp\/v2\/media\/31734"}],"wp:attachment":[{"href":"http:\/\/gazetevizyon.com\/index.php?rest_route=%2Fwp%2Fv2%2Fmedia&parent=31733"}],"wp:term":[{"taxonomy":"category","embeddable":true,"href":"http:\/\/gazetevizyon.com\/index.php?rest_route=%2Fwp%2Fv2%2Fcategories&post=31733"},{"taxonomy":"post_tag","embeddable":true,"href":"http:\/\/gazetevizyon.com\/index.php?rest_route=%2Fwp%2Fv2%2Ftags&post=31733"}],"curies":[{"name":"wp","href":"https:\/\/api.w.org\/{rel}","templated":true}]}}