{"id":31736,"date":"2025-07-27T02:58:43","date_gmt":"2025-07-27T02:58:43","guid":{"rendered":"http:\/\/gazetevizyon.com\/?p=31736"},"modified":"2025-07-27T02:58:43","modified_gmt":"2025-07-27T02:58:43","slug":"bursa-karabuk-ve-diyarbakirda-yasanan-yanginlarda-doga-ve-can-kayiplari","status":"publish","type":"post","link":"http:\/\/gazetevizyon.com\/?p=31736","title":{"rendered":"Bursa, Karab\u00fck ve Diyarbak\u0131r&#8217;da Ya\u015fanan Yang\u0131nlarda Do\u011fa ve Can Kay\u0131plar\u0131"},"content":{"rendered":"<p>\n<h2>Bursa, Karab\u00fck ve Diyarbak\u0131r&#8217;da Devam Eden Yang\u0131nlar<\/h2>\n<p><\/p>\n<p><strong>Bursa<\/strong>, <strong>Karab\u00fck<\/strong> ve <strong>Diyarbak\u0131r<\/strong>&#8216;da e\u015f zamanl\u0131 olarak meydana gelen <strong>yang\u0131nlar<\/strong>, geni\u015f alanlarda hasara yol a\u00e7t\u0131. Yang\u0131nlar sadece a\u011fa\u00e7lar\u0131 de\u011fil, ayn\u0131 zamanda i\u00e7inde bar\u0131nan binlerce canl\u0131y\u0131 da etkiledi.<\/p>\n<\/p>\n<p><\/p>\n<p><h3>Yang\u0131nlar\u0131n Etkileri<\/h3>\n<p><\/p>\n<p>Yang\u0131nlar nedeniyle ormanl\u0131k alanlarda b\u00fcy\u00fck bir <strong>do\u011fa tahribat\u0131<\/strong> ya\u015fan\u0131yor. \u00d6zellikle hayvanlar\u0131n ya\u015fam alanlar\u0131n\u0131n zarar g\u00f6rmesi, <strong>can kay\u0131plar\u0131<\/strong>na neden oluyor. Olay yerinden gelen ilk bilgilere g\u00f6re, yang\u0131nlar kontrol alt\u0131na al\u0131nmaya \u00e7al\u0131\u015f\u0131l\u0131yor.<\/p>\n<\/p>\n<p><\/p>\n<p><h3>Kahramanlar\u0131n M\u00fccadelesi<\/h3>\n<p><\/p>\n<p>Yang\u0131nlar\u0131 s\u00f6nd\u00fcrme \u00e7al\u0131\u015fmalar\u0131 i\u00e7in sahada g\u00f6revli ekiplerin yo\u011fun \u00e7abas\u0131 devam ediyor. Ekipler, yang\u0131nlar\u0131n yay\u0131lmas\u0131n\u0131 engellemek ve alevleri kontrol alt\u0131na almak i\u00e7in <strong>7\/24<\/strong> \u00e7al\u0131\u015f\u0131yor. Vatanda\u015flar, ekiplere destek vermek i\u00e7in seferber oldu.<\/p>\n<\/p>\n<p><\/p>\n<p><h3>Ge\u00e7mi\u015f Olsun Dilekleri<\/h3>\n<p><\/p>\n<p>Ya\u015fanan bu <strong>felaket<\/strong> nedeniyle hem do\u011faya hem de vatanda\u015flara ge\u00e7mi\u015f olsun dilekleri iletildi. Dualar\u0131n sahada g\u00f6revli kahramanlarla birlikte oldu\u011fu vurguland\u0131. Yetkililer, yang\u0131nlar\u0131n nedenleri ve boyutlar\u0131 hakk\u0131nda detayl\u0131 bilgi vermeye devam ediyor.<\/p><\/p>\n","protected":false},"excerpt":{"rendered":"<p>Bursa, Karab\u00fck ve Diyarbak\u0131r&#8217;da Devam Eden Yang\u0131nlar Bursa, Karab\u00fck ve Diyarbak\u0131r&#8216;da e\u015f zamanl\u0131 olarak meydana gelen yang\u0131nlar, geni\u015f alanlarda hasara yol a\u00e7t\u0131. Yang\u0131nlar sadece a\u011fa\u00e7lar\u0131 de\u011fil, ayn\u0131 zamanda i\u00e7inde bar\u0131nan binlerce canl\u0131y\u0131 da etkiledi. Yang\u0131nlar\u0131n Etkileri Yang\u0131nlar nedeniyle ormanl\u0131k alanlarda&#8230;<\/p>\n","protected":false},"author":1,"featured_media":31737,"comment_status":"closed","ping_status":"closed","sticky":false,"template":"","format":"standard","meta":{"footnotes":""},"categories":[36],"tags":[],"class_list":["post-31736","post","type-post","status-publish","format-standard","has-post-thumbnail","hentry","category-manset"],"_links":{"self":[{"href":"http:\/\/gazetevizyon.com\/index.php?rest_route=\/wp\/v2\/posts\/31736","targetHints":{"allow":["GET"]}}],"collection":[{"href":"http:\/\/gazetevizyon.com\/index.php?rest_route=\/wp\/v2\/posts"}],"about":[{"href":"http:\/\/gazetevizyon.com\/index.php?rest_route=\/wp\/v2\/types\/post"}],"author":[{"embeddable":true,"href":"http:\/\/gazetevizyon.com\/index.php?rest_route=\/wp\/v2\/users\/1"}],"replies":[{"embeddable":true,"href":"http:\/\/gazetevizyon.com\/index.php?rest_route=%2Fwp%2Fv2%2Fcomments&post=31736"}],"version-history":[{"count":1,"href":"http:\/\/gazetevizyon.com\/index.php?rest_route=\/wp\/v2\/posts\/31736\/revisions"}],"predecessor-version":[{"id":31740,"href":"http:\/\/gazetevizyon.com\/index.php?rest_route=\/wp\/v2\/posts\/31736\/revisions\/31740"}],"wp:featuredmedia":[{"embeddable":true,"href":"http:\/\/gazetevizyon.com\/index.php?rest_route=\/wp\/v2\/media\/31737"}],"wp:attachment":[{"href":"http:\/\/gazetevizyon.com\/index.php?rest_route=%2Fwp%2Fv2%2Fmedia&parent=31736"}],"wp:term":[{"taxonomy":"category","embeddable":true,"href":"http:\/\/gazetevizyon.com\/index.php?rest_route=%2Fwp%2Fv2%2Fcategories&post=31736"},{"taxonomy":"post_tag","embeddable":true,"href":"http:\/\/gazetevizyon.com\/index.php?rest_route=%2Fwp%2Fv2%2Ftags&post=31736"}],"curies":[{"name":"wp","href":"https:\/\/api.w.org\/{rel}","templated":true}]}}