{"id":31772,"date":"2025-07-28T00:01:11","date_gmt":"2025-07-28T00:01:11","guid":{"rendered":"http:\/\/gazetevizyon.com\/?p=31772"},"modified":"2025-07-28T00:01:11","modified_gmt":"2025-07-28T00:01:11","slug":"mustafa-canbey-yakupkoyde-balkon-sohbetleri-baslatti","status":"publish","type":"post","link":"http:\/\/gazetevizyon.com\/?p=31772","title":{"rendered":"Mustafa Canbey Yakupk\u00f6y&#8217;de Balkon Sohbetleri Ba\u015flatt\u0131"},"content":{"rendered":"<p>\n<h2>Mustafa Canbey\u2019den Yakupk\u00f6y Halk\u0131na Balkon Ziyareti<\/h2>\n<\/p>\n<p><\/p>\n<p><p><strong>Mustafa Canbey<\/strong>, yaz aylar\u0131n\u0131n s\u0131cak atmosferinde Yakupk\u00f6y halk\u0131yla bir araya gelerek <strong>balkon sohbetleri<\/strong> ba\u015flatt\u0131. Ama\u00e7, halkla daha yak\u0131n temas kurarak onlar\u0131n sorunlar\u0131n\u0131 dinlemek ve \u00e7\u00f6z\u00fcm \u00f6nerileri geli\u015ftirmek.<\/p>\n<\/p>\n<p><\/p>\n<p><h3>\u0130lk Konuk H\u00fcseyin Ailesi Oldu<\/h3>\n<\/p>\n<p><\/p>\n<p><p>Balkon sohbetlerinin ilki bug\u00fcn Yakupk\u00f6y\u2019de H\u00fcseyin karde\u015finin ailesinin evinde ger\u00e7ekle\u015ftirildi. Canbey, ziyaretinde aile taraf\u0131ndan s\u0131cak bir \u015fekilde kar\u015f\u0131land\u0131. Aile, kap\u0131lar\u0131n\u0131 de\u011fil g\u00f6n\u00fcllerini a\u00e7arak samimi bir ortam\u0131n olu\u015fmas\u0131na katk\u0131 sa\u011flad\u0131.<\/p>\n<\/p>\n<p><\/p>\n<p><h3>Samimi Muhabbetler ve Ortak \u00c7\u00f6z\u00fcm Aray\u0131\u015flar\u0131<\/h3>\n<\/p>\n<p><\/p>\n<p><p>Ziyarette <strong>Mustafa Canbey<\/strong> ve H\u00fcseyin ailesi, keyifli bir sohbet ger\u00e7ekle\u015ftirdi. Konu\u015fulanlar aras\u0131nda aile bireylerinin g\u00fcnl\u00fck ya\u015famlar\u0131, kar\u015f\u0131la\u015ft\u0131klar\u0131 sorunlar ve beklentileri yer ald\u0131. Canbey, ziyaretinde hem\u015fehrilerinin sorunlar\u0131n\u0131 dinleyerek \u00e7\u00f6z\u00fcm \u00f6nerileri geli\u015ftirmek i\u00e7in notlar ald\u0131. <\/p>\n<\/p>\n<p><\/p>\n<p><h3>Her Mahallede Bir Ses, Her Evde Bir Hik\u00e2ye<\/h3>\n<\/p>\n<p><\/p>\n<p><p><strong>Mustafa Canbey<\/strong>, yapt\u0131\u011f\u0131 a\u00e7\u0131klamada, \u201cHer mahallede bir ses, her evde bir hik\u00e2ye var. Biz de bu sesleri dinlemek ve hem\u015fehrilerimizle birlikte yol almaya devam edece\u011fiz.\u201d ifadelerini kulland\u0131. Canbey, balkon sohbetlerinin Yakupk\u00f6y\u2019\u00fcn ard\u0131ndan di\u011fer mahallelerde de devam edece\u011fini belirtti. <\/p>\n<\/p>\n<p><\/p>\n<p><ul>    <\/p>\n<ul>\n<li>Ama\u00e7: Halkla yak\u0131n temas kurmak<\/li>\n<p>    <\/p>\n<li>\u0130lk ziyaret: Yakupk\u00f6y&#8217;de H\u00fcseyin ailesine yap\u0131ld\u0131<\/li>\n<p>    <\/p>\n<li>Konu\u015fulanlar: G\u00fcnl\u00fck ya\u015fam, sorunlar ve beklentiler<\/li>\n<\/ul>\n<p><\/ul>\n<\/p>\n<p><\/p>\n<p><h3>Gelecek Ziyaretler Hakk\u0131nda<\/h3>\n<\/p>\n<p><\/p>\n<p><p><strong>Mustafa Canbey<\/strong>\u2019in \u00f6n\u00fcm\u00fczdeki g\u00fcnlerde Yakupk\u00f6y\u2019\u00fcn di\u011fer mahallelerinde de benzer ziyaretler ger\u00e7ekle\u015ftirmesi planlan\u0131yor. Bu ziyaretlerin amac\u0131, halk\u0131n sorunlar\u0131na daha yak\u0131ndan tan\u0131k olmak ve \u00e7\u00f6z\u00fcm \u00fcretmek i\u00e7in daha etkili ad\u0131mlar atmak.<\/p><\/p>\n","protected":false},"excerpt":{"rendered":"<p>Mustafa Canbey\u2019den Yakupk\u00f6y Halk\u0131na Balkon Ziyareti Mustafa Canbey, yaz aylar\u0131n\u0131n s\u0131cak atmosferinde Yakupk\u00f6y halk\u0131yla bir araya gelerek balkon sohbetleri ba\u015flatt\u0131. Ama\u00e7, halkla daha yak\u0131n temas kurarak onlar\u0131n sorunlar\u0131n\u0131 dinlemek ve \u00e7\u00f6z\u00fcm \u00f6nerileri geli\u015ftirmek. \u0130lk Konuk H\u00fcseyin Ailesi Oldu Balkon sohbetlerinin&#8230;<\/p>\n","protected":false},"author":1,"featured_media":31773,"comment_status":"closed","ping_status":"closed","sticky":false,"template":"","format":"standard","meta":{"footnotes":""},"categories":[23],"tags":[],"class_list":["post-31772","post","type-post","status-publish","format-standard","has-post-thumbnail","hentry","category-siyaset"],"_links":{"self":[{"href":"http:\/\/gazetevizyon.com\/index.php?rest_route=\/wp\/v2\/posts\/31772","targetHints":{"allow":["GET"]}}],"collection":[{"href":"http:\/\/gazetevizyon.com\/index.php?rest_route=\/wp\/v2\/posts"}],"about":[{"href":"http:\/\/gazetevizyon.com\/index.php?rest_route=\/wp\/v2\/types\/post"}],"author":[{"embeddable":true,"href":"http:\/\/gazetevizyon.com\/index.php?rest_route=\/wp\/v2\/users\/1"}],"replies":[{"embeddable":true,"href":"http:\/\/gazetevizyon.com\/index.php?rest_route=%2Fwp%2Fv2%2Fcomments&post=31772"}],"version-history":[{"count":1,"href":"http:\/\/gazetevizyon.com\/index.php?rest_route=\/wp\/v2\/posts\/31772\/revisions"}],"predecessor-version":[{"id":31778,"href":"http:\/\/gazetevizyon.com\/index.php?rest_route=\/wp\/v2\/posts\/31772\/revisions\/31778"}],"wp:featuredmedia":[{"embeddable":true,"href":"http:\/\/gazetevizyon.com\/index.php?rest_route=\/wp\/v2\/media\/31773"}],"wp:attachment":[{"href":"http:\/\/gazetevizyon.com\/index.php?rest_route=%2Fwp%2Fv2%2Fmedia&parent=31772"}],"wp:term":[{"taxonomy":"category","embeddable":true,"href":"http:\/\/gazetevizyon.com\/index.php?rest_route=%2Fwp%2Fv2%2Fcategories&post=31772"},{"taxonomy":"post_tag","embeddable":true,"href":"http:\/\/gazetevizyon.com\/index.php?rest_route=%2Fwp%2Fv2%2Ftags&post=31772"}],"curies":[{"name":"wp","href":"https:\/\/api.w.org\/{rel}","templated":true}]}}