{"id":31843,"date":"2025-07-29T21:08:51","date_gmt":"2025-07-29T21:08:51","guid":{"rendered":"http:\/\/gazetevizyon.com\/?p=31843"},"modified":"2025-07-29T21:08:51","modified_gmt":"2025-07-29T21:08:51","slug":"balikesir-valisi-hayvan-koruma-kanunu-toplantisina-katildi","status":"publish","type":"post","link":"http:\/\/gazetevizyon.com\/?p=31843","title":{"rendered":"Bal\u0131kesir Valisi, Hayvan Koruma Kanunu Toplant\u0131s\u0131na Kat\u0131ld\u0131"},"content":{"rendered":"<p>\n<h2>Bal\u0131kesir Valisi Hayvan Koruma Kanunu Toplant\u0131s\u0131na Kat\u0131ld\u0131<\/h2>\n<\/p>\n<p><\/p>\n<p><p><strong>Bal\u0131kesir Valisi \u0130smail Ustao\u011flu<\/strong>, \u0130\u00e7i\u015fleri Bakan\u0131 Ali Yerlikaya&#8217;n\u0131n ba\u015fkanl\u0131\u011f\u0131nda d\u00fczenlenen 5199 say\u0131l\u0131 Hayvanlar\u0131 Koruma Kanunu konulu \u00e7evrimi\u00e7i toplant\u0131da yer ald\u0131. Toplant\u0131da, hayvan haklar\u0131n\u0131n korunmas\u0131 ve hayvan refah\u0131n\u0131n iyile\u015ftirilmesi konular\u0131 ele al\u0131nd\u0131.<\/p>\n<\/p>\n<p><\/p>\n<p><h3>Hayvan Koruma Kanunu&#8217;nun \u00d6nemi<\/h3>\n<\/p>\n<p><\/p>\n<p><p>5199 say\u0131l\u0131 Hayvanlar\u0131 Koruma Kanunu, hayvanlar\u0131n korunmas\u0131, hayvan refah\u0131n\u0131n iyile\u015ftirilmesi ve hayvan haklar\u0131n\u0131n g\u00fcvence alt\u0131na al\u0131nmas\u0131 amac\u0131yla \u00e7\u0131kar\u0131lm\u0131\u015ft\u0131r. <strong>Bu kanun, hayvanlar\u0131n ya\u015fam hakk\u0131n\u0131, ac\u0131dan korunma hakk\u0131n\u0131 ve sa\u011fl\u0131kl\u0131 bir ortamda ya\u015fama hakk\u0131n\u0131 g\u00fcvence alt\u0131na almaktad\u0131r<\/strong>. <\/p>\n<\/p>\n<p><\/p>\n<p><h3>Toplant\u0131da Ele Al\u0131nan Konular<\/h3>\n<\/p>\n<p><\/p>\n<p><p>\u00c7evrimi\u00e7i toplant\u0131da, hayvan koruma kanununun uygulanmas\u0131yla ilgili sorunlar ve \u00e7\u00f6z\u00fcm \u00f6nerileri de\u011ferlendirildi. Kat\u0131l\u0131mc\u0131lar, hayvanlar\u0131n k\u00f6t\u00fc muameleye kar\u015f\u0131 korunmas\u0131, hayvan bar\u0131naklar\u0131n\u0131n durumu ve hayvanseverlerin bilin\u00e7lendirilmesi konular\u0131nda g\u00f6r\u00fc\u015f al\u0131\u015fveri\u015finde bulundu.<\/p>\n<\/p>\n<p><\/p>\n<p><ul>  <\/p>\n<ul>\n<li>Hayvanlar\u0131n terk edilmesinin \u00f6nlenmesi<\/li>\n<p>  <\/p>\n<li>Hayvan bar\u0131naklar\u0131n\u0131n iyile\u015ftirilmesi<\/li>\n<p>  <\/p>\n<li>Hayvanseverlerin bilin\u00e7lendirilmesi<\/li>\n<p>  <\/p>\n<li>Hayvanlara y\u00f6nelik \u015fiddetin \u00f6nlenmesi<\/li>\n<\/ul>\n<p><\/ul>\n<\/p>\n<p><\/p>\n<p><h3>Vali Ustao\u011flu\u2019nun Kat\u0131l\u0131m\u0131<\/h3>\n<\/p>\n<p><\/p>\n<p><p>Bal\u0131kesir Valisi \u0130smail Ustao\u011flu, toplant\u0131da Bal\u0131kesir&#8217;deki hayvan koruma \u00e7al\u0131\u015fmalar\u0131n\u0131 aktard\u0131. <strong>Vali Ustao\u011flu, hayvan haklar\u0131na sayg\u0131l\u0131 bir toplum olu\u015fturmak i\u00e7in \u00e7al\u0131\u015fmalar\u0131n aral\u0131ks\u0131z devam edece\u011fini belirtti<\/strong>. Ayr\u0131ca, vatanda\u015flar\u0131 hayvan koruma konusunda bilin\u00e7lendirme faaliyetlerine destek vermeleri y\u00f6n\u00fcnde te\u015fvik etti.<\/p><\/p>\n","protected":false},"excerpt":{"rendered":"<p>Bal\u0131kesir Valisi Hayvan Koruma Kanunu Toplant\u0131s\u0131na Kat\u0131ld\u0131 Bal\u0131kesir Valisi \u0130smail Ustao\u011flu, \u0130\u00e7i\u015fleri Bakan\u0131 Ali Yerlikaya&#8217;n\u0131n ba\u015fkanl\u0131\u011f\u0131nda d\u00fczenlenen 5199 say\u0131l\u0131 Hayvanlar\u0131 Koruma Kanunu konulu \u00e7evrimi\u00e7i toplant\u0131da yer ald\u0131. Toplant\u0131da, hayvan haklar\u0131n\u0131n korunmas\u0131 ve hayvan refah\u0131n\u0131n iyile\u015ftirilmesi konular\u0131 ele al\u0131nd\u0131. Hayvan Koruma&#8230;<\/p>\n","protected":false},"author":1,"featured_media":31844,"comment_status":"closed","ping_status":"closed","sticky":false,"template":"","format":"standard","meta":{"footnotes":""},"categories":[36],"tags":[],"class_list":["post-31843","post","type-post","status-publish","format-standard","has-post-thumbnail","hentry","category-manset"],"_links":{"self":[{"href":"http:\/\/gazetevizyon.com\/index.php?rest_route=\/wp\/v2\/posts\/31843","targetHints":{"allow":["GET"]}}],"collection":[{"href":"http:\/\/gazetevizyon.com\/index.php?rest_route=\/wp\/v2\/posts"}],"about":[{"href":"http:\/\/gazetevizyon.com\/index.php?rest_route=\/wp\/v2\/types\/post"}],"author":[{"embeddable":true,"href":"http:\/\/gazetevizyon.com\/index.php?rest_route=\/wp\/v2\/users\/1"}],"replies":[{"embeddable":true,"href":"http:\/\/gazetevizyon.com\/index.php?rest_route=%2Fwp%2Fv2%2Fcomments&post=31843"}],"version-history":[{"count":1,"href":"http:\/\/gazetevizyon.com\/index.php?rest_route=\/wp\/v2\/posts\/31843\/revisions"}],"predecessor-version":[{"id":31852,"href":"http:\/\/gazetevizyon.com\/index.php?rest_route=\/wp\/v2\/posts\/31843\/revisions\/31852"}],"wp:featuredmedia":[{"embeddable":true,"href":"http:\/\/gazetevizyon.com\/index.php?rest_route=\/wp\/v2\/media\/31844"}],"wp:attachment":[{"href":"http:\/\/gazetevizyon.com\/index.php?rest_route=%2Fwp%2Fv2%2Fmedia&parent=31843"}],"wp:term":[{"taxonomy":"category","embeddable":true,"href":"http:\/\/gazetevizyon.com\/index.php?rest_route=%2Fwp%2Fv2%2Fcategories&post=31843"},{"taxonomy":"post_tag","embeddable":true,"href":"http:\/\/gazetevizyon.com\/index.php?rest_route=%2Fwp%2Fv2%2Ftags&post=31843"}],"curies":[{"name":"wp","href":"https:\/\/api.w.org\/{rel}","templated":true}]}}