{"id":31849,"date":"2025-07-30T00:01:27","date_gmt":"2025-07-30T00:01:27","guid":{"rendered":"http:\/\/gazetevizyon.com\/?p=31849"},"modified":"2025-07-30T00:01:27","modified_gmt":"2025-07-30T00:01:27","slug":"kepsutta-ak-partiye-gecis-yeniden-refah-partili-siyasi-temsilciler-ak-partiye-katildi","status":"publish","type":"post","link":"http:\/\/gazetevizyon.com\/?p=31849","title":{"rendered":"Kepsut&#8217;ta AK Parti&#8217;ye Ge\u00e7i\u015f: Yeniden Refah Partili Siyasi Temsilciler AK Parti&#8217;ye Kat\u0131ld\u0131"},"content":{"rendered":"<p>\n<h2>Kepsut&#8217;ta Siyasi Hareketlilik: Yeniden Refah Partili Siyasi Temsilciler AK Parti Saflar\u0131na Kat\u0131ld\u0131<\/h2>\n<\/p>\n<p><\/p>\n<p>Kepsut il\u00e7esinde d\u00fcn ger\u00e7ekle\u015fen bir t\u00f6renle, Yeniden Refah Partisi&#8217;nden istifa eden siyasi temsilciler, AK Parti&#8217;ye kat\u0131ld\u0131. T\u00f6rende, partiye kat\u0131lanlara rozet tak\u0131ld\u0131. Bu geli\u015fme, il\u00e7ede siyasi arenada dikkat \u00e7eken bir hareketlili\u011fe yol a\u00e7t\u0131.<\/p>\n<p><\/p>\n<p><h3>AK Parti&#8217;nin B\u00fcy\u00fcyen G\u00fcc\u00fc<\/h3>\n<\/p>\n<p><\/p>\n<p>AK Parti, <strong>milletin ortak vicdan\u0131 ve ortak hedefi<\/strong> oldu\u011funu belirten yetkililer, partiye kat\u0131lan karde\u015flerine ho\u015f geldiler. AK Parti&#8217;nin, \u00fclkenin gelece\u011fi i\u00e7in \u00f6nemli bir rol \u00fcstlendi\u011fi vurguland\u0131.<\/p>\n<p><\/p>\n<p><h3>T\u00f6rende Ya\u015fananlar ve A\u00e7\u0131klamalar<\/h3>\n<\/p>\n<p><\/p>\n<p>T\u00f6rende, AK Parti&#8217;ye kat\u0131lanlara rozet tak\u0131l\u0131rken, partililer birlik ve beraberlik mesajlar\u0131 verdi. Yap\u0131lan a\u00e7\u0131klamalarda, AK Parti&#8217;nin daha g\u00fc\u00e7l\u00fc yar\u0131nlar i\u00e7in birlikte y\u00fcr\u00fcyece\u011fine inanc\u0131n\u0131n ifade edildi\u011fi g\u00f6r\u00fcld\u00fc.<\/p>\n<p><\/p>\n<p><ul>  <\/p>\n<ul>\n<li>T\u00f6ren, Kepsut il\u00e7esinde ger\u00e7ekle\u015ftirildi.<\/li>\n<p>  <\/p>\n<li>Yeniden Refah Partisi&#8217;nden istifa eden siyasi temsilciler kat\u0131ld\u0131.<\/li>\n<p>  <\/p>\n<li>AK Parti, partiye kat\u0131lanlara rozet takt\u0131.<\/li>\n<p>  <\/p>\n<li>AK Parti yetkilileri, partinin milletin ortak vicdan\u0131 oldu\u011funu belirtti.<\/li>\n<\/ul>\n<p><\/ul>\n<\/p>\n<p><\/p>\n<p>Bu kat\u0131l\u0131m, AK Parti&#8217;nin b\u00f6lgedeki g\u00fcc\u00fcn\u00fc art\u0131r\u0131rken, Yeniden Refah Partisi i\u00e7in ise bir kay\u0131p olarak de\u011ferlendiriliyor.<\/p><\/p>\n","protected":false},"excerpt":{"rendered":"<p>Kepsut&#8217;ta Siyasi Hareketlilik: Yeniden Refah Partili Siyasi Temsilciler AK Parti Saflar\u0131na Kat\u0131ld\u0131 Kepsut il\u00e7esinde d\u00fcn ger\u00e7ekle\u015fen bir t\u00f6renle, Yeniden Refah Partisi&#8217;nden istifa eden siyasi temsilciler, AK Parti&#8217;ye kat\u0131ld\u0131. T\u00f6rende, partiye kat\u0131lanlara rozet tak\u0131ld\u0131. Bu geli\u015fme, il\u00e7ede siyasi arenada dikkat \u00e7eken&#8230;<\/p>\n","protected":false},"author":1,"featured_media":31850,"comment_status":"closed","ping_status":"closed","sticky":false,"template":"","format":"standard","meta":{"footnotes":""},"categories":[23],"tags":[],"class_list":["post-31849","post","type-post","status-publish","format-standard","has-post-thumbnail","hentry","category-siyaset"],"_links":{"self":[{"href":"http:\/\/gazetevizyon.com\/index.php?rest_route=\/wp\/v2\/posts\/31849","targetHints":{"allow":["GET"]}}],"collection":[{"href":"http:\/\/gazetevizyon.com\/index.php?rest_route=\/wp\/v2\/posts"}],"about":[{"href":"http:\/\/gazetevizyon.com\/index.php?rest_route=\/wp\/v2\/types\/post"}],"author":[{"embeddable":true,"href":"http:\/\/gazetevizyon.com\/index.php?rest_route=\/wp\/v2\/users\/1"}],"replies":[{"embeddable":true,"href":"http:\/\/gazetevizyon.com\/index.php?rest_route=%2Fwp%2Fv2%2Fcomments&post=31849"}],"version-history":[{"count":1,"href":"http:\/\/gazetevizyon.com\/index.php?rest_route=\/wp\/v2\/posts\/31849\/revisions"}],"predecessor-version":[{"id":31853,"href":"http:\/\/gazetevizyon.com\/index.php?rest_route=\/wp\/v2\/posts\/31849\/revisions\/31853"}],"wp:featuredmedia":[{"embeddable":true,"href":"http:\/\/gazetevizyon.com\/index.php?rest_route=\/wp\/v2\/media\/31850"}],"wp:attachment":[{"href":"http:\/\/gazetevizyon.com\/index.php?rest_route=%2Fwp%2Fv2%2Fmedia&parent=31849"}],"wp:term":[{"taxonomy":"category","embeddable":true,"href":"http:\/\/gazetevizyon.com\/index.php?rest_route=%2Fwp%2Fv2%2Fcategories&post=31849"},{"taxonomy":"post_tag","embeddable":true,"href":"http:\/\/gazetevizyon.com\/index.php?rest_route=%2Fwp%2Fv2%2Ftags&post=31849"}],"curies":[{"name":"wp","href":"https:\/\/api.w.org\/{rel}","templated":true}]}}