{"id":31889,"date":"2025-07-30T21:03:28","date_gmt":"2025-07-30T21:03:28","guid":{"rendered":"http:\/\/gazetevizyon.com\/?p=31889"},"modified":"2025-07-30T21:03:28","modified_gmt":"2025-07-30T21:03:28","slug":"marmara-kaymakami-gorentas-balikesir-valisi-ustaoglunu-ziyaret-etti","status":"publish","type":"post","link":"http:\/\/gazetevizyon.com\/?p=31889","title":{"rendered":"Marmara Kaymakam\u0131 G\u00f6renta\u015f, Bal\u0131kesir Valisi Ustao\u011flu&#8217;nu Ziyaret Etti"},"content":{"rendered":"<p>\n<h2>Yeni Kaymakam G\u00f6renta\u015f, Bal\u0131kesir Valisi ile Bulu\u015ftu<\/h2>\n<\/p>\n<p><\/p>\n<p><p>G\u00f6revine yeni ba\u015flayan Marmara Kaymakam\u0131 Rumeysa G\u00f6renta\u015f, Bal\u0131kesir Valisi \u0130smail Ustao\u011flu\u2019nu ziyaret etti. <strong>Ziyaret, Kaymakam G\u00f6renta\u015f\u2019\u0131n g\u00f6reve ba\u015flama s\u00fcrecindeki ilk resmi ad\u0131mlar\u0131ndan biri olarak de\u011ferlendirildi.<\/strong><\/p>\n<\/p>\n<p><\/p>\n<p><h3>Kaymakam G\u00f6renta\u015f&#8217;\u0131n G\u00f6rev Ba\u015flang\u0131c\u0131<\/h3>\n<\/p>\n<p><\/p>\n<p><p>Marmara Kaymakam\u0131 Rumeysa G\u00f6renta\u015f, g\u00f6reve ba\u015flama s\u00fcrecinde Bal\u0131kesir Valisi \u0130smail Ustao\u011flu ile bir araya gelerek, il\u00e7edeki g\u00f6revlerini ve yap\u0131lacak \u00e7al\u0131\u015fmalar\u0131 ele ald\u0131. <strong>Vali Ustao\u011flu, Kaymakam G\u00f6renta\u015f&#8217;a ba\u015far\u0131lar dileyerek, Marmara il\u00e7esi i\u00e7in hay\u0131rl\u0131 hizmetlerde bulunmas\u0131n\u0131 temenni etti.<\/strong><\/p>\n<\/p>\n<p><\/p>\n<p><h3>\u0130\u015fbirli\u011fi ve Koordinasyon<\/h3>\n<\/p>\n<p><\/p>\n<p><p>Ziyarette, Marmara il\u00e7esi ve Bal\u0131kesir ili aras\u0131ndaki i\u015fbirli\u011fi ve koordinasyon konular\u0131 da g\u00f6r\u00fc\u015f\u00fcld\u00fc. <strong>Kaymakam G\u00f6renta\u015f, Vali Ustao\u011flu&#8217;na Marmara il\u00e7esinin potansiyelini ve ihtiya\u00e7lar\u0131n\u0131 aktard\u0131.<\/strong><\/p>\n<\/p>\n<p><\/p>\n<p><ul><\/p>\n<ul>\n<li>Ziyaret, g\u00f6rev s\u00fcrecinin ba\u015flang\u0131c\u0131nda \u00f6nemli bir ad\u0131m olarak kabul edildi.<\/li>\n<p><\/p>\n<li>\u0130\u015fbirli\u011fi ve koordinasyonun art\u0131r\u0131lmas\u0131 hedeflendi.<\/li>\n<p><\/p>\n<li>Marmara il\u00e7esinin ihtiya\u00e7lar\u0131n\u0131n ve potansiyelinin g\u00f6r\u00fc\u015f\u00fclmesi sa\u011fland\u0131.<\/li>\n<\/ul>\n<p><\/ul>\n<\/p>\n<p><\/p>\n<p><p>Kaymakam G\u00f6renta\u015f&#8217;\u0131n ziyaretinden sonra, Marmara il\u00e7esinde g\u00f6revine resmi olarak ba\u015flamas\u0131 bekleniyor.<\/p><\/p>\n","protected":false},"excerpt":{"rendered":"<p>Yeni Kaymakam G\u00f6renta\u015f, Bal\u0131kesir Valisi ile Bulu\u015ftu G\u00f6revine yeni ba\u015flayan Marmara Kaymakam\u0131 Rumeysa G\u00f6renta\u015f, Bal\u0131kesir Valisi \u0130smail Ustao\u011flu\u2019nu ziyaret etti. Ziyaret, Kaymakam G\u00f6renta\u015f\u2019\u0131n g\u00f6reve ba\u015flama s\u00fcrecindeki ilk resmi ad\u0131mlar\u0131ndan biri olarak de\u011ferlendirildi. Kaymakam G\u00f6renta\u015f&#8217;\u0131n G\u00f6rev Ba\u015flang\u0131c\u0131 Marmara Kaymakam\u0131 Rumeysa G\u00f6renta\u015f,&#8230;<\/p>\n","protected":false},"author":1,"featured_media":31890,"comment_status":"closed","ping_status":"closed","sticky":false,"template":"","format":"standard","meta":{"footnotes":""},"categories":[36],"tags":[],"class_list":["post-31889","post","type-post","status-publish","format-standard","has-post-thumbnail","hentry","category-manset"],"_links":{"self":[{"href":"http:\/\/gazetevizyon.com\/index.php?rest_route=\/wp\/v2\/posts\/31889","targetHints":{"allow":["GET"]}}],"collection":[{"href":"http:\/\/gazetevizyon.com\/index.php?rest_route=\/wp\/v2\/posts"}],"about":[{"href":"http:\/\/gazetevizyon.com\/index.php?rest_route=\/wp\/v2\/types\/post"}],"author":[{"embeddable":true,"href":"http:\/\/gazetevizyon.com\/index.php?rest_route=\/wp\/v2\/users\/1"}],"replies":[{"embeddable":true,"href":"http:\/\/gazetevizyon.com\/index.php?rest_route=%2Fwp%2Fv2%2Fcomments&post=31889"}],"version-history":[{"count":1,"href":"http:\/\/gazetevizyon.com\/index.php?rest_route=\/wp\/v2\/posts\/31889\/revisions"}],"predecessor-version":[{"id":31901,"href":"http:\/\/gazetevizyon.com\/index.php?rest_route=\/wp\/v2\/posts\/31889\/revisions\/31901"}],"wp:featuredmedia":[{"embeddable":true,"href":"http:\/\/gazetevizyon.com\/index.php?rest_route=\/wp\/v2\/media\/31890"}],"wp:attachment":[{"href":"http:\/\/gazetevizyon.com\/index.php?rest_route=%2Fwp%2Fv2%2Fmedia&parent=31889"}],"wp:term":[{"taxonomy":"category","embeddable":true,"href":"http:\/\/gazetevizyon.com\/index.php?rest_route=%2Fwp%2Fv2%2Fcategories&post=31889"},{"taxonomy":"post_tag","embeddable":true,"href":"http:\/\/gazetevizyon.com\/index.php?rest_route=%2Fwp%2Fv2%2Ftags&post=31889"}],"curies":[{"name":"wp","href":"https:\/\/api.w.org\/{rel}","templated":true}]}}