{"id":31906,"date":"2025-07-31T00:14:07","date_gmt":"2025-07-31T00:14:07","guid":{"rendered":"http:\/\/gazetevizyon.com\/?p=31906"},"modified":"2025-07-31T00:14:07","modified_gmt":"2025-07-31T00:14:07","slug":"milli-boksor-ali-eren-demirezen-ogrencileriyle-ozel-antrenman-duzenledi","status":"publish","type":"post","link":"http:\/\/gazetevizyon.com\/?p=31906","title":{"rendered":"Milli Boks\u00f6r Ali Eren Demirezen, \u00d6\u011frencileriyle \u00d6zel Antrenman D\u00fczenledi"},"content":{"rendered":"<p>\n<h2>Milli Boks\u00f6r Ali Eren Demirezen, Bal\u0131kesir&#8217;de Gen\u00e7lere \u0130lham Kayna\u011f\u0131 Oldu<\/h2>\n<\/p>\n<p><\/p>\n<p>Bal\u0131kesir&#8217;in gururu olan milli boks\u00f6r Ali Eren Demirezen, gen\u00e7 boks\u00f6rleriyle bir araya gelerek \u00f6zel bir antrenman etkinli\u011fi d\u00fczenledi. Etkinli\u011fe, protokol \u00fcyeleri de kat\u0131ld\u0131 ve gen\u00e7lerin spora olan ilgisini peki\u015ftiren bu anlaml\u0131 g\u00fcnde yer ald\u0131.<\/p>\n<p><\/p>\n<p><h3>Gen\u00e7 Boks\u00f6rlere Motivasyon Deste\u011fi<\/h3>\n<\/p>\n<p><\/p>\n<p><strong>Ali Eren Demirezen,<\/strong> gen\u00e7 boks\u00f6rlerine hem teknik antrenman yapt\u0131rd\u0131 hem de onlara ilham vererek motivasyonlar\u0131n\u0131 art\u0131rmay\u0131 hedefledi. Etkinlikte, gen\u00e7 sporcular\u0131n hem fiziksel hem de zihinsel geli\u015fimlerine katk\u0131da bulunuldu.<\/p>\n<p><\/p>\n<p><h3>Protokol \u00dcyelerinin Kat\u0131l\u0131m\u0131yla Destek<\/h3>\n<\/p>\n<p><\/p>\n<p>Etkinli\u011fe kat\u0131lan protokol \u00fcyeleri, gen\u00e7lerin sporla i\u00e7 i\u00e7e olmas\u0131n\u0131n \u00f6nemine de\u011findi. Bu t\u00fcr etkinliklerin, gen\u00e7lerin sa\u011fl\u0131kl\u0131 ve ba\u015far\u0131l\u0131 bir gelece\u011fe sahip olmalar\u0131 i\u00e7in \u00f6nemli bir rol oynad\u0131\u011f\u0131 vurguland\u0131.<\/p>\n<p><\/p>\n<p><h3>Ali Eren Demirezen&#8217;in Ba\u015far\u0131lar\u0131<\/h3>\n<\/p>\n<p><\/p>\n<p><strong>Ali Eren Demirezen,<\/strong> T\u00fcrkiye&#8217;nin en ba\u015far\u0131l\u0131 boks\u00f6rlerinden biri olarak, gen\u00e7lere \u00f6rnek te\u015fkil ediyor. Kariyeri boyunca elde etti\u011fi say\u0131s\u0131z ba\u015far\u0131yla, ad\u0131n\u0131 uluslararas\u0131 arenada da duyurmay\u0131 ba\u015fard\u0131.<\/p>\n<p><\/p>\n<p><h3>Etkinli\u011fin Amac\u0131<\/h3>\n<\/p>\n<p><\/p>\n<p>Bu \u00f6zel antrenman etkinli\u011finin temel amac\u0131, gen\u00e7lerin spor sevgisini art\u0131rmak ve onlara sa\u011fl\u0131kl\u0131 bir ya\u015fam tarz\u0131 kazand\u0131rmakt\u0131r. Ayr\u0131ca, Ali Eren Demirezen&#8217;in deneyimlerinden yararlanarak gen\u00e7 boks\u00f6rlerin geli\u015fimine katk\u0131da bulunulmas\u0131 hedefleniyor.<\/p>\n<p><\/p>\n<p><ul>  <\/p>\n<ul>\n<li>Gen\u00e7 boks\u00f6rlere teknik antrenman imkan\u0131 sa\u011fland\u0131.<\/li>\n<p>  <\/p>\n<li>Motivasyon ve ilham dolu bir ortam yarat\u0131ld\u0131.<\/li>\n<p>  <\/p>\n<li>Protokol \u00fcyelerinin deste\u011fiyle gen\u00e7lere \u00f6rnek te\u015fkil edildi.<\/li>\n<\/ul>\n<p><\/ul><\/p>\n","protected":false},"excerpt":{"rendered":"<p>Milli Boks\u00f6r Ali Eren Demirezen, Bal\u0131kesir&#8217;de Gen\u00e7lere \u0130lham Kayna\u011f\u0131 Oldu Bal\u0131kesir&#8217;in gururu olan milli boks\u00f6r Ali Eren Demirezen, gen\u00e7 boks\u00f6rleriyle bir araya gelerek \u00f6zel bir antrenman etkinli\u011fi d\u00fczenledi. Etkinli\u011fe, protokol \u00fcyeleri de kat\u0131ld\u0131 ve gen\u00e7lerin spora olan ilgisini peki\u015ftiren bu&#8230;<\/p>\n","protected":false},"author":1,"featured_media":31907,"comment_status":"closed","ping_status":"closed","sticky":false,"template":"","format":"standard","meta":{"footnotes":""},"categories":[23],"tags":[],"class_list":["post-31906","post","type-post","status-publish","format-standard","has-post-thumbnail","hentry","category-siyaset"],"_links":{"self":[{"href":"http:\/\/gazetevizyon.com\/index.php?rest_route=\/wp\/v2\/posts\/31906","targetHints":{"allow":["GET"]}}],"collection":[{"href":"http:\/\/gazetevizyon.com\/index.php?rest_route=\/wp\/v2\/posts"}],"about":[{"href":"http:\/\/gazetevizyon.com\/index.php?rest_route=\/wp\/v2\/types\/post"}],"author":[{"embeddable":true,"href":"http:\/\/gazetevizyon.com\/index.php?rest_route=\/wp\/v2\/users\/1"}],"replies":[{"embeddable":true,"href":"http:\/\/gazetevizyon.com\/index.php?rest_route=%2Fwp%2Fv2%2Fcomments&post=31906"}],"version-history":[{"count":1,"href":"http:\/\/gazetevizyon.com\/index.php?rest_route=\/wp\/v2\/posts\/31906\/revisions"}],"predecessor-version":[{"id":31913,"href":"http:\/\/gazetevizyon.com\/index.php?rest_route=\/wp\/v2\/posts\/31906\/revisions\/31913"}],"wp:featuredmedia":[{"embeddable":true,"href":"http:\/\/gazetevizyon.com\/index.php?rest_route=\/wp\/v2\/media\/31907"}],"wp:attachment":[{"href":"http:\/\/gazetevizyon.com\/index.php?rest_route=%2Fwp%2Fv2%2Fmedia&parent=31906"}],"wp:term":[{"taxonomy":"category","embeddable":true,"href":"http:\/\/gazetevizyon.com\/index.php?rest_route=%2Fwp%2Fv2%2Fcategories&post=31906"},{"taxonomy":"post_tag","embeddable":true,"href":"http:\/\/gazetevizyon.com\/index.php?rest_route=%2Fwp%2Fv2%2Ftags&post=31906"}],"curies":[{"name":"wp","href":"https:\/\/api.w.org\/{rel}","templated":true}]}}