{"id":31981,"date":"2025-08-01T15:12:29","date_gmt":"2025-08-01T15:12:29","guid":{"rendered":"http:\/\/gazetevizyon.com\/?p=31981"},"modified":"2025-08-01T15:12:29","modified_gmt":"2025-08-01T15:12:29","slug":"ayvalik-midilli-bado-seferleri-basladi-ege-denizinin-iki-yakasi-bulustu","status":"publish","type":"post","link":"http:\/\/gazetevizyon.com\/?p=31981","title":{"rendered":"Ayval\u0131k-Midilli BADO Seferleri Ba\u015flad\u0131: Ege Denizi&#8217;nin \u0130ki Yakas\u0131 Bulu\u015ftu"},"content":{"rendered":"<p>\n<h2>Ayval\u0131k<\/p>\n<ul>\n<li>Midilli Aras\u0131nda Deniz Otob\u00fcs\u00fc Seferleri Ba\u015flad\u0131<\/h2>\n<\/li>\n<p><\/p>\n<p><p><strong>Bal\u0131kesir<\/strong>&#8216;in Ayval\u0131k il\u00e7esi ile Yunanistan&#8217;\u0131n Midilli adas\u0131 aras\u0131nda <strong>Bal\u0131kesir Deniz Otob\u00fcsleri (BADO)<\/strong> seferleri ba\u015flad\u0131. Bu sayede Ege Denizi&#8217;nin iki yakas\u0131 daha da yak\u0131nla\u015f\u0131rken, b\u00f6lgedeki ula\u015f\u0131m, turizm, ticaret ve k\u00fclt\u00fcrel etkile\u015fim canland\u0131. Se\u00e7im d\u00f6neminde verdi\u011fi s\u00f6z\u00fc tutarak bu tarihi hizmeti hayata ge\u00e7iren Bal\u0131kesir B\u00fcy\u00fck\u015fehir Belediye Ba\u015fkan\u0131 Ahmet Ak\u0131n ve Ayval\u0131k Belediye Ba\u015fkan\u0131 Mesut Ergin&#8217;e te\u015fekk\u00fcrler y\u00fckseliyor.<\/p>\n<\/p>\n<p><\/p>\n<p><h3>BADO Seferleri ile Ula\u015f\u0131mda Yeni D\u00f6nem<\/h3>\n<\/p>\n<p><\/p>\n<p><p>Bal\u0131kesir B\u00fcy\u00fck\u015fehir Belediyesi&#8217;nin \u00f6nc\u00fcl\u00fc\u011f\u00fcnde hayata ge\u00e7irilen BADO seferleri, Ayval\u0131k ve Midilli aras\u0131ndaki ula\u015f\u0131m\u0131 kolayla\u015ft\u0131rarak hem\u015fehrilerimizin ve b\u00f6lge halk\u0131n\u0131n seyahat imkanlar\u0131n\u0131 art\u0131rd\u0131. Bu sayede iki k\u0131ta aras\u0131nda daha h\u0131zl\u0131 ve konforlu bir ula\u015f\u0131m sa\u011flan\u0131yor. <strong>BADO seferleri<\/strong>, b\u00f6lgenin ekonomik ve sosyal geli\u015fimine \u00f6nemli katk\u0131lar sunuyor.<\/p>\n<\/p>\n<p><\/p>\n<p><h3>Turizm ve Ticarette Canlanma Beklentisi<\/h3>\n<\/p>\n<p><\/p>\n<p><p>BADO seferlerinin ba\u015flamas\u0131yla birlikte Ayval\u0131k ve Midilli aras\u0131ndaki turizm hareketlili\u011fi bekleniyor. \u0130ki b\u00f6lge aras\u0131ndaki ticari ili\u015fkiler de g\u00fc\u00e7lenirken, k\u00fclt\u00fcrel etkile\u015fim art\u0131\u015f\u0131 bekleniyor. <strong>Turizm<\/strong> sekt\u00f6r\u00fcnde yeni f\u0131rsatlar ortaya \u00e7\u0131karken, yerel ekonomiye de destek sa\u011flanacak.<\/p>\n<\/p>\n<p><\/p>\n<p><h3>Hizmetin Faydalar\u0131<\/h3>\n<\/p>\n<p><\/p>\n<p>BADO seferleri sayesinde:<\/p>\n<p><\/p>\n<p><ul>  <\/p>\n<li>Ula\u015f\u0131m kolayl\u0131\u011f\u0131 sa\u011fland\u0131.<\/li>\n<p>  <\/p>\n<li>Turizm potansiyeli artt\u0131.<\/li>\n<p>  <\/p>\n<li>Ticaret ili\u015fkileri g\u00fc\u00e7lendi.<\/li>\n<p>  <\/p>\n<li>K\u00fclt\u00fcrel etkile\u015fim artt\u0131.<\/li>\n<\/ul>\n<p><\/ul>\n<\/p>\n<p><\/p>\n<p><p><strong>Bal\u0131kesir B\u00fcy\u00fck\u015fehir Belediye Ba\u015fkan\u0131 Ahmet Ak\u0131n<\/strong> ve <strong>Ayval\u0131k Belediye Ba\u015fkan\u0131 Mesut Ergin<\/strong>&#8216;e, bu \u00f6nemli hizmeti hayata ge\u00e7irmeleri nedeniyle te\u015fekk\u00fcrlerimizi sunar, Bal\u0131kesir&#8217;imize ve b\u00f6lgemize hay\u0131rl\u0131 olmas\u0131n\u0131 dileriz.<\/p><\/p>\n","protected":false},"excerpt":{"rendered":"<p>Ayval\u0131k Midilli Aras\u0131nda Deniz Otob\u00fcs\u00fc Seferleri Ba\u015flad\u0131 Bal\u0131kesir&#8216;in Ayval\u0131k il\u00e7esi ile Yunanistan&#8217;\u0131n Midilli adas\u0131 aras\u0131nda Bal\u0131kesir Deniz Otob\u00fcsleri (BADO) seferleri ba\u015flad\u0131. Bu sayede Ege Denizi&#8217;nin iki yakas\u0131 daha da yak\u0131nla\u015f\u0131rken, b\u00f6lgedeki ula\u015f\u0131m, turizm, ticaret ve k\u00fclt\u00fcrel etkile\u015fim canland\u0131. Se\u00e7im d\u00f6neminde&#8230;<\/p>\n","protected":false},"author":1,"featured_media":31982,"comment_status":"closed","ping_status":"closed","sticky":false,"template":"","format":"standard","meta":{"footnotes":""},"categories":[23],"tags":[],"class_list":["post-31981","post","type-post","status-publish","format-standard","has-post-thumbnail","hentry","category-siyaset"],"_links":{"self":[{"href":"http:\/\/gazetevizyon.com\/index.php?rest_route=\/wp\/v2\/posts\/31981","targetHints":{"allow":["GET"]}}],"collection":[{"href":"http:\/\/gazetevizyon.com\/index.php?rest_route=\/wp\/v2\/posts"}],"about":[{"href":"http:\/\/gazetevizyon.com\/index.php?rest_route=\/wp\/v2\/types\/post"}],"author":[{"embeddable":true,"href":"http:\/\/gazetevizyon.com\/index.php?rest_route=\/wp\/v2\/users\/1"}],"replies":[{"embeddable":true,"href":"http:\/\/gazetevizyon.com\/index.php?rest_route=%2Fwp%2Fv2%2Fcomments&post=31981"}],"version-history":[{"count":1,"href":"http:\/\/gazetevizyon.com\/index.php?rest_route=\/wp\/v2\/posts\/31981\/revisions"}],"predecessor-version":[{"id":31992,"href":"http:\/\/gazetevizyon.com\/index.php?rest_route=\/wp\/v2\/posts\/31981\/revisions\/31992"}],"wp:featuredmedia":[{"embeddable":true,"href":"http:\/\/gazetevizyon.com\/index.php?rest_route=\/wp\/v2\/media\/31982"}],"wp:attachment":[{"href":"http:\/\/gazetevizyon.com\/index.php?rest_route=%2Fwp%2Fv2%2Fmedia&parent=31981"}],"wp:term":[{"taxonomy":"category","embeddable":true,"href":"http:\/\/gazetevizyon.com\/index.php?rest_route=%2Fwp%2Fv2%2Fcategories&post=31981"},{"taxonomy":"post_tag","embeddable":true,"href":"http:\/\/gazetevizyon.com\/index.php?rest_route=%2Fwp%2Fv2%2Ftags&post=31981"}],"curies":[{"name":"wp","href":"https:\/\/api.w.org\/{rel}","templated":true}]}}