{"id":31996,"date":"2025-08-02T00:09:36","date_gmt":"2025-08-02T00:09:36","guid":{"rendered":"http:\/\/gazetevizyon.com\/?p=31996"},"modified":"2025-08-02T00:09:36","modified_gmt":"2025-08-02T00:09:36","slug":"balikesir-buyuksehir-belediye-baskani-akin-annesinin-dogum-gunu-vesilesiyle-duygusal-mesaj-yayinladi","status":"publish","type":"post","link":"http:\/\/gazetevizyon.com\/?p=31996","title":{"rendered":"Bal\u0131kesir B\u00fcy\u00fck\u015fehir Belediye Ba\u015fkan\u0131 Ak\u0131n, Annesinin Do\u011fum G\u00fcn\u00fc Vesilesiyle Duygusal Mesaj Yay\u0131nlad\u0131"},"content":{"rendered":"<p>\n<h2>Bal\u0131kesir Belediye Ba\u015fkan\u0131&#8217;ndan Annesine Veda Mesaj\u0131<\/h2>\n<\/p>\n<p><\/p>\n<p>Bal\u0131kesir B\u00fcy\u00fck\u015fehir Belediye Ba\u015fkan\u0131 Ahmet Ak\u0131n, sosyal medya hesab\u0131 \u00fczerinden annesinin do\u011fum g\u00fcn\u00fc vesilesiyle duygusal bir mesaj yay\u0131nlad\u0131. Ba\u015fkan Ak\u0131n, mesaj\u0131nda annesinin do\u011fum g\u00fcn\u00fcn\u00fc kutlayarak, onunla evlatl\u0131k ili\u015fkisinin \u00f6nemini vurgulad\u0131.<\/p>\n<p><\/p>\n<p><h3>Duygusal Veda S\u00f6zleri<\/h3>\n<\/p>\n<p><\/p>\n<p>Ba\u015fkan Ak\u0131n, mesaj\u0131nda annesine hitaben, &#8220;Do\u011fum g\u00fcn\u00fcn kutlu olsun can\u0131m annem. \u0130yi ki do\u011fdun, iyi ki sana evlat oldum&#8221; ifadelerini kulland\u0131. Ayr\u0131ca, merhume annesi i\u00e7in &#8220;Ruhun \u015fad, mekan\u0131n cennet olsun&#8221; diyerek duygular\u0131n\u0131 dile getirdi.<\/p>\n<p><\/p>\n<p><h3>Sosyal Medya Tepkileri<\/h3>\n<\/p>\n<p><\/p>\n<p>Bal\u0131kesir B\u00fcy\u00fck\u015fehir Belediye Ba\u015fkan\u0131&#8217;n\u0131n bu payla\u015f\u0131m\u0131, sosyal medyada geni\u015f yank\u0131 uyand\u0131rd\u0131. Vatanda\u015flar ve di\u011fer belediye ba\u015fkanlar\u0131, Ba\u015fkan Ak\u0131n&#8217;a ba\u015fsa\u011fl\u0131\u011f\u0131 dileklerini ileterek, annesiyle olan ba\u011f\u0131n\u0131 \u00f6ven yorumlar yapt\u0131lar.<\/p>\n<p><\/p>\n<p><p><strong>Ba\u015fkan Ak\u0131n&#8217;\u0131n annesiyle olan g\u00fc\u00e7l\u00fc ba\u011f\u0131, sosyal medyada b\u00fcy\u00fck ilgi g\u00f6rd\u00fc.<\/strong> Bu payla\u015f\u0131m, aile ba\u011flar\u0131n\u0131n ve sevdiklerimize duydu\u011fumuz sayg\u0131n\u0131n \u00f6nemini bir kez daha hat\u0131rlatt\u0131.<\/p>\n<\/p>\n<p><\/p>\n<p><ul>  <\/p>\n<ul>\n<li>Bal\u0131kesir B\u00fcy\u00fck\u015fehir Belediye Ba\u015fkan\u0131 Ahmet Ak\u0131n, annesinin do\u011fum g\u00fcn\u00fcn\u00fc kutlad\u0131.<\/li>\n<p>  <\/p>\n<li>Sosyal medya \u00fczerinden yay\u0131nlad\u0131\u011f\u0131 mesajda duygular\u0131n\u0131 dile getirdi.<\/li>\n<p>  <\/p>\n<li>Annesinin ruhu \u015fad, mekan\u0131 cennet olsun dile\u011fiyle mesaj\u0131 noktalad\u0131.<\/li>\n<\/ul>\n<p><\/ul><\/p>\n","protected":false},"excerpt":{"rendered":"<p>Bal\u0131kesir Belediye Ba\u015fkan\u0131&#8217;ndan Annesine Veda Mesaj\u0131 Bal\u0131kesir B\u00fcy\u00fck\u015fehir Belediye Ba\u015fkan\u0131 Ahmet Ak\u0131n, sosyal medya hesab\u0131 \u00fczerinden annesinin do\u011fum g\u00fcn\u00fc vesilesiyle duygusal bir mesaj yay\u0131nlad\u0131. Ba\u015fkan Ak\u0131n, mesaj\u0131nda annesinin do\u011fum g\u00fcn\u00fcn\u00fc kutlayarak, onunla evlatl\u0131k ili\u015fkisinin \u00f6nemini vurgulad\u0131. Duygusal Veda S\u00f6zleri Ba\u015fkan&#8230;<\/p>\n","protected":false},"author":1,"featured_media":31997,"comment_status":"closed","ping_status":"closed","sticky":false,"template":"","format":"standard","meta":{"footnotes":""},"categories":[36],"tags":[],"class_list":["post-31996","post","type-post","status-publish","format-standard","has-post-thumbnail","hentry","category-manset"],"_links":{"self":[{"href":"http:\/\/gazetevizyon.com\/index.php?rest_route=\/wp\/v2\/posts\/31996","targetHints":{"allow":["GET"]}}],"collection":[{"href":"http:\/\/gazetevizyon.com\/index.php?rest_route=\/wp\/v2\/posts"}],"about":[{"href":"http:\/\/gazetevizyon.com\/index.php?rest_route=\/wp\/v2\/types\/post"}],"author":[{"embeddable":true,"href":"http:\/\/gazetevizyon.com\/index.php?rest_route=\/wp\/v2\/users\/1"}],"replies":[{"embeddable":true,"href":"http:\/\/gazetevizyon.com\/index.php?rest_route=%2Fwp%2Fv2%2Fcomments&post=31996"}],"version-history":[{"count":1,"href":"http:\/\/gazetevizyon.com\/index.php?rest_route=\/wp\/v2\/posts\/31996\/revisions"}],"predecessor-version":[{"id":32002,"href":"http:\/\/gazetevizyon.com\/index.php?rest_route=\/wp\/v2\/posts\/31996\/revisions\/32002"}],"wp:featuredmedia":[{"embeddable":true,"href":"http:\/\/gazetevizyon.com\/index.php?rest_route=\/wp\/v2\/media\/31997"}],"wp:attachment":[{"href":"http:\/\/gazetevizyon.com\/index.php?rest_route=%2Fwp%2Fv2%2Fmedia&parent=31996"}],"wp:term":[{"taxonomy":"category","embeddable":true,"href":"http:\/\/gazetevizyon.com\/index.php?rest_route=%2Fwp%2Fv2%2Fcategories&post=31996"},{"taxonomy":"post_tag","embeddable":true,"href":"http:\/\/gazetevizyon.com\/index.php?rest_route=%2Fwp%2Fv2%2Ftags&post=31996"}],"curies":[{"name":"wp","href":"https:\/\/api.w.org\/{rel}","templated":true}]}}