{"id":32050,"date":"2025-08-04T00:17:24","date_gmt":"2025-08-04T00:17:24","guid":{"rendered":"http:\/\/gazetevizyon.com\/?p=32050"},"modified":"2025-08-04T00:17:24","modified_gmt":"2025-08-04T00:17:24","slug":"edremitte-berberler-ve-kuaforler-odasi-tarafindan-duzenlenen-fuar-ve-gala-gecesi-buyuk-ilgi-gordu","status":"publish","type":"post","link":"http:\/\/gazetevizyon.com\/?p=32050","title":{"rendered":"Edremit&#8217;te Berberler ve Kuaf\u00f6rler Odas\u0131 Taraf\u0131ndan D\u00fczenlenen Fuar ve Gala Gecesi B\u00fcy\u00fck \u0130lgi G\u00f6rd\u00fc"},"content":{"rendered":"<p>\n<h2>Edremit&#8217;te \u0130lk Kez D\u00fczenlenen Mesleki Fuar ve Gala Gecesi<\/h2>\n<\/p>\n<p><\/p>\n<p>Edremit Berberler ve Kuaf\u00f6rler Odas\u0131, b\u00f6lgede bir ilk olarak d\u00fczenledi\u011fi Mesleki Fuar ve Gala Gecesi&#8217;ne b\u00fcy\u00fck ilgi g\u00f6rd\u00fc. Etkinlik, <strong>berber, kuaf\u00f6r ve g\u00fczellik salonu i\u015fletmecilerinin dayan\u0131\u015fmas\u0131n\u0131<\/strong> peki\u015ftirme f\u0131rsat\u0131 sundu.<\/p>\n<p><\/p>\n<p><h3>CHP Edremit \u0130l\u00e7e Ba\u015fkan\u0131 ve Belediye Ba\u015fkan\u0131 Etkinli\u011fe Kat\u0131ld\u0131<\/h3>\n<\/p>\n<p><\/p>\n<p>CHP Edremit \u0130l\u00e7e Ba\u015fkan\u0131 Emin Yal\u00e7\u0131nta\u015f ve Edremit Belediye Ba\u015fkan\u0131 Mehmet Erta\u015f&#8217;\u0131n kat\u0131l\u0131m\u0131yla ger\u00e7ekle\u015fen \u00f6zel gece, sekt\u00f6r temsilcilerinin bir araya gelmesine olanak sa\u011flad\u0131. Ba\u015fkan Erta\u015f, yapt\u0131\u011f\u0131 konu\u015fmada, <strong>esnaf\u0131n \u00f6nemine de\u011finerek<\/strong> desteklerini sundu.<\/p>\n<p><\/p>\n<p><h3>Berber ve Kuaf\u00f6r Esnaf\u0131 Bir Araya Geldi<\/h3>\n<\/p>\n<p><\/p>\n<p>Etkinlikte bir araya gelen esnaf, sekt\u00f6rdeki son trendleri ve geli\u015fmeleri de\u011ferlendirme f\u0131rsat\u0131 buldu. <strong>Berber ve kuaf\u00f6r esnaf\u0131<\/strong>, gala gecesinde hem i\u015flerini tan\u0131tt\u0131lar hem de birbirleriyle ileti\u015fim kurarak yeni i\u015fbirlikleri geli\u015ftirdiler.<\/p>\n<p><\/p>\n<p><h3>Oda Ba\u015fkan\u0131 Metin Koyuncu&#8217;ya Te\u015fekk\u00fcr<\/h3>\n<\/p>\n<p><\/p>\n<p>Edremit Berberler ve Kuaf\u00f6rler Odas\u0131 Ba\u015fkan\u0131 Metin Koyuncu, fuar ve gala gecesini ba\u015far\u0131yla organize etti\u011fi i\u00e7in te\u015fekk\u00fcr ald\u0131. Ba\u015fkan Yal\u00e7\u0131nta\u015f ve Ba\u015fkan Erta\u015f, Koyuncu&#8217;nun sekt\u00f6r\u00fcn geli\u015fimine olan katk\u0131lar\u0131n\u0131 takdir ettiklerini ifade etti.<\/p>\n<p><\/p>\n<p><h3>Sekt\u00f6r\u00fcn Geli\u015fimine Destek<\/h3>\n<\/p>\n<p><\/p>\n<p>Etkinlik, sekt\u00f6r\u00fcn geli\u015fimine katk\u0131 sa\u011flayan anlaml\u0131 bir ad\u0131m olarak de\u011ferlendirildi. <strong>Berberlik ve kuaf\u00f6rl\u00fck sekt\u00f6r\u00fcn\u00fcn<\/strong> daha da ileriye gitmesi i\u00e7in bu t\u00fcr etkinliklerin artmas\u0131 gerekti\u011fi vurguland\u0131.<\/p>\n<p><\/p>\n<p><ul>  <\/p>\n<ul>\n<li>Etkinlik, b\u00f6lgede bir ilk olma \u00f6zelli\u011fi ta\u015f\u0131yor.<\/li>\n<p>  <\/p>\n<li>CHP Edremit \u0130l\u00e7e Ba\u015fkan\u0131 ve Belediye Ba\u015fkan\u0131 kat\u0131l\u0131m g\u00f6sterdi.<\/li>\n<p>  <\/p>\n<li>Berber, kuaf\u00f6r ve g\u00fczellik salonu i\u015fletmecileri bir araya geldi.<\/li>\n<p>  <\/p>\n<li>Oda Ba\u015fkan\u0131 Metin Koyuncu&#8217;ya te\u015fekk\u00fcr edildi.<\/li>\n<\/ul>\n<p><\/ul><\/p>\n","protected":false},"excerpt":{"rendered":"<p>Edremit&#8217;te \u0130lk Kez D\u00fczenlenen Mesleki Fuar ve Gala Gecesi Edremit Berberler ve Kuaf\u00f6rler Odas\u0131, b\u00f6lgede bir ilk olarak d\u00fczenledi\u011fi Mesleki Fuar ve Gala Gecesi&#8217;ne b\u00fcy\u00fck ilgi g\u00f6rd\u00fc. Etkinlik, berber, kuaf\u00f6r ve g\u00fczellik salonu i\u015fletmecilerinin dayan\u0131\u015fmas\u0131n\u0131 peki\u015ftirme f\u0131rsat\u0131 sundu. CHP Edremit&#8230;<\/p>\n","protected":false},"author":1,"featured_media":32051,"comment_status":"closed","ping_status":"closed","sticky":false,"template":"","format":"standard","meta":{"footnotes":""},"categories":[23],"tags":[],"class_list":["post-32050","post","type-post","status-publish","format-standard","has-post-thumbnail","hentry","category-siyaset"],"_links":{"self":[{"href":"http:\/\/gazetevizyon.com\/index.php?rest_route=\/wp\/v2\/posts\/32050","targetHints":{"allow":["GET"]}}],"collection":[{"href":"http:\/\/gazetevizyon.com\/index.php?rest_route=\/wp\/v2\/posts"}],"about":[{"href":"http:\/\/gazetevizyon.com\/index.php?rest_route=\/wp\/v2\/types\/post"}],"author":[{"embeddable":true,"href":"http:\/\/gazetevizyon.com\/index.php?rest_route=\/wp\/v2\/users\/1"}],"replies":[{"embeddable":true,"href":"http:\/\/gazetevizyon.com\/index.php?rest_route=%2Fwp%2Fv2%2Fcomments&post=32050"}],"version-history":[{"count":1,"href":"http:\/\/gazetevizyon.com\/index.php?rest_route=\/wp\/v2\/posts\/32050\/revisions"}],"predecessor-version":[{"id":32054,"href":"http:\/\/gazetevizyon.com\/index.php?rest_route=\/wp\/v2\/posts\/32050\/revisions\/32054"}],"wp:featuredmedia":[{"embeddable":true,"href":"http:\/\/gazetevizyon.com\/index.php?rest_route=\/wp\/v2\/media\/32051"}],"wp:attachment":[{"href":"http:\/\/gazetevizyon.com\/index.php?rest_route=%2Fwp%2Fv2%2Fmedia&parent=32050"}],"wp:term":[{"taxonomy":"category","embeddable":true,"href":"http:\/\/gazetevizyon.com\/index.php?rest_route=%2Fwp%2Fv2%2Fcategories&post=32050"},{"taxonomy":"post_tag","embeddable":true,"href":"http:\/\/gazetevizyon.com\/index.php?rest_route=%2Fwp%2Fv2%2Ftags&post=32050"}],"curies":[{"name":"wp","href":"https:\/\/api.w.org\/{rel}","templated":true}]}}