{"id":3226,"date":"2019-03-13T07:58:11","date_gmt":"2019-03-13T07:58:11","guid":{"rendered":"http:\/\/gazetevizyon.com\/?p=3226"},"modified":"2019-03-13T07:58:13","modified_gmt":"2019-03-13T07:58:13","slug":"gonullerince-eglendiler","status":"publish","type":"post","link":"http:\/\/gazetevizyon.com\/?p=3226","title":{"rendered":"G\u00d6N\u00dcLLER\u0130NCE E\u011eLEND\u0130LER"},"content":{"rendered":"\n<ul class=\"wp-block-list\"><li><strong>G\u00d6N\u00dcLLER\u0130NCE E\u011eLEND\u0130LER<\/strong><\/li><\/ul>\n\n\n\n<p>S\u0131nd\u0131rg\u0131\nAkp\u0131nar Ya\u015fam Merkezi\u2019nde, 8 Mart D\u00fcnya Kad\u0131nlar G\u00fcn\u00fc dolay\u0131s\u0131yla Bal\u0131kesir\nB\u00fcy\u00fck\u015fehir Belediyesi taraf\u0131ndan Elif Buse Do\u011fan Konseri d\u00fczenlendi. S\u0131nd\u0131rg\u0131l\u0131\nkad\u0131nlar, konserde g\u00f6n\u00fcllerince e\u011flendi.<\/p>\n\n\n\n<p>8 Mart D\u00fcnya\nKad\u0131nlar G\u00fcn\u00fc dolay\u0131s\u0131yla ge\u00e7ti\u011fimiz Cuma g\u00fcn\u00fc saat: 20.00\u2019de S\u0131nd\u0131rg\u0131\nBelediyesi Akp\u0131nar Ya\u015fam Merkezi\u2019nde, Bal\u0131kesir B\u00fcy\u00fck\u015fehir Belediyesi K\u00fclt\u00fcr\nSosyal \u0130\u015fler Dairesi taraf\u0131ndan Elif Buse Do\u011fan konseri d\u00fczenlendi. TRT\nM\u00fczik\u2019te her cumartesi \u201c<strong>Nefesten Sese<\/strong>\u201d\nve Kral FM\u2019de her pazar \u201c<strong>Elif Zaman\u0131<\/strong>\u201d\nprogramlar\u0131n\u0131 yapan gen\u00e7 ve ba\u015far\u0131l\u0131 sanat\u00e7\u0131n\u0131n konserine S\u0131nd\u0131rg\u0131l\u0131 kad\u0131nlar\nb\u00fcy\u00fck ilgi g\u00f6sterdi. Konserin giri\u015finde Beyaz Masa ekipleri taraf\u0131ndan\nhediyeler da\u011f\u0131t\u0131ld\u0131. <\/p>\n\n\n\n<p>S\u0131nd\u0131rg\u0131\nBelediye Ba\u015fkan\u0131 Ekrem Yava\u015f, S\u0131nd\u0131rg\u0131l\u0131 kad\u0131nlar\u0131 salonun kap\u0131s\u0131nda kar\u015f\u0131layarak,\ng\u00fcnlerini kutlad\u0131.<\/p>\n\n\n\n<figure class=\"wp-block-image\"><img decoding=\"async\" src=\"http:\/\/balikesirgercek.com\/wp-content\/uploads\/2019\/03\/1-4-1024x682.jpeg\" alt=\"\" class=\"wp-image-3252\"\/><\/figure>\n\n\n\n<p><strong>SINDIRGI HALKI SANATA DUYARLI<\/strong><\/p>\n\n\n\n<p>Konser\n\u00f6ncesinde kad\u0131nlar\u0131n 8 Mart Kad\u0131nlar G\u00fcn\u00fc\u2019n\u00fc kutlayan Bal\u0131kesir B\u00fcy\u00fck\u015fehir\nBelediyesi K\u00fclt\u00fcr ve Sosyal \u0130\u015fler Daire Ba\u015fkan\u0131 Mitat Yolcu \u201c<strong>Bal\u0131kesir B\u00fcy\u00fck\u015fehir Belediyesi K\u00fclt\u00fcr ve\nSosyal \u0130\u015fler Daire Ba\u015fkanl\u0131\u011f\u0131 olarak, S\u0131nd\u0131rg\u0131\u2019y\u0131 \u00e7ok \u00f6nemsiyoruz. Bunun nedeni\nS\u0131nd\u0131rg\u0131\u2019dan m\u00fcthi\u015f bir pozitif enerji al\u0131yoruz. \u00c7ok \u00e7al\u0131\u015fkan, k\u00fclt\u00fcre ve\nsanata duyarl\u0131 bir ba\u015fkan\u0131n\u0131z var. S\u0131nd\u0131rg\u0131 halk\u0131 da sanata ve k\u00fclt\u00fcre duyarl\u0131\ninsanlar. Ne zaman gelsek salonu dolduruyorsunuz. Aya\u011f\u0131n\u0131za sa\u011fl\u0131k. \u00d6n\u00fcm\u00fczdeki\ng\u00fcnlerde bir yeti\u015fkin tiyatrosu daha getirece\u011fiz. Her g\u00fcn\u00fcn\u00fcz\u00fcn bu \u015fekilde\nne\u015feyle, mutlulukla ge\u00e7mesini diliyorum<\/strong>\u201d dedi.<\/p>\n\n\n\n<figure class=\"wp-block-image\"><img decoding=\"async\" src=\"http:\/\/balikesirgercek.com\/wp-content\/uploads\/2019\/03\/20-1024x678.jpeg\" alt=\"\" class=\"wp-image-3253\"\/><\/figure>\n\n\n\n<p><strong>KURTLARINI D\u00d6KT\u00dcLER<\/strong><\/p>\n\n\n\n<p>Salonu h\u0131nca\nh\u0131n\u00e7 dolduran S\u0131nd\u0131rg\u0131l\u0131 kad\u0131nlar iki saat s\u00fcren konserde g\u00f6n\u00fcllerince\ne\u011flendiler. Elif Buse Do\u011fan\u2019\u0131n s\u00f6yledi\u011fi oyun havalar\u0131nda yerlerinde duramayan\nkad\u0131nlar, kurtlar\u0131n\u0131 d\u00f6kt\u00fcler. Kad\u0131nlar\u0131 yaln\u0131z b\u0131rakmayarak oyun havalar\u0131nda\nonlara e\u015flik eden K\u00fclt\u00fcr Sosyal \u0130\u015fler Daire Ba\u015fkan\u0131 Mitat Yolcu, ekibiyle de\nkar\u015f\u0131l\u0131kl\u0131 oynamay\u0131 ihmal etmedi. Elif Buse Do\u011fan\u2019da sahneden inerek oyun\nhavalar\u0131nda ve halayda S\u0131nd\u0131rg\u0131l\u0131 kad\u0131nlara e\u015flik etti<\/p>\n\n\n\n<p>Konser sonunda\nElif Buse Do\u011fan\u2019a, i\u00e7erisinde S\u0131nd\u0131rg\u0131 Belediyesi\u2019nin y\u00f6resel \u00fcr\u00fcnlerinin yer\nald\u0131\u011f\u0131 bir sepet ve \u00e7i\u00e7ek takdim edildi.<\/p>\n\n\n\n<p>Konsere\nBal\u0131kesir B\u00fcy\u00fck\u015fehir Belediyesi K\u00fclt\u00fcr Sosyal \u0130\u015fler Daire Ba\u015fkan\u0131 Mitat\nYolcu\u2019nun yan\u0131 s\u0131ra; S\u0131nd\u0131rg\u0131 Belediye Ba\u015fkan\u0131 Ekrem Yava\u015f ile e\u015fi Ya\u015fiye Yava\u015f,\nS\u0131nd\u0131rg\u0131 Belediyesi K\u00fclt\u00fcr M\u00fcd\u00fcr\u00fc Salih Durak, MHP \u0130l\u00e7e Ba\u015fkan\u0131 \u0130smail\nTav\u015fano\u011flu ve AK Parti S\u0131nd\u0131rg\u0131 Kad\u0131n Kollar\u0131 Bakan\u0131 Sevil Y\u00fcmsek de kat\u0131l\u0131m\ng\u00f6sterdi.<\/p>\n\n\n\n<figure class=\"wp-block-image\"><img decoding=\"async\" src=\"http:\/\/balikesirgercek.com\/wp-content\/uploads\/2019\/03\/14-1024x678.jpeg\" alt=\"\" class=\"wp-image-3254\"\/><\/figure>\n\n\n\n<p><strong>Sayg\u0131lar\u0131m\u0131zla<\/strong><\/p>\n","protected":false},"excerpt":{"rendered":"<p>G\u00d6N\u00dcLLER\u0130NCE E\u011eLEND\u0130LER S\u0131nd\u0131rg\u0131 Akp\u0131nar Ya\u015fam Merkezi\u2019nde, 8 Mart D\u00fcnya Kad\u0131nlar G\u00fcn\u00fc dolay\u0131s\u0131yla Bal\u0131kesir B\u00fcy\u00fck\u015fehir Belediyesi taraf\u0131ndan Elif Buse Do\u011fan Konseri d\u00fczenlendi. S\u0131nd\u0131rg\u0131l\u0131 kad\u0131nlar, konserde g\u00f6n\u00fcllerince e\u011flendi. 8 Mart D\u00fcnya Kad\u0131nlar G\u00fcn\u00fc dolay\u0131s\u0131yla ge\u00e7ti\u011fimiz Cuma g\u00fcn\u00fc saat: 20.00\u2019de S\u0131nd\u0131rg\u0131 Belediyesi Akp\u0131nar&#8230;<\/p>\n","protected":false},"author":3,"featured_media":3227,"comment_status":"open","ping_status":"open","sticky":false,"template":"","format":"standard","meta":{"footnotes":""},"categories":[20,36],"tags":[],"class_list":["post-3226","post","type-post","status-publish","format-standard","has-post-thumbnail","hentry","category-guncel","category-manset"],"_links":{"self":[{"href":"http:\/\/gazetevizyon.com\/index.php?rest_route=\/wp\/v2\/posts\/3226","targetHints":{"allow":["GET"]}}],"collection":[{"href":"http:\/\/gazetevizyon.com\/index.php?rest_route=\/wp\/v2\/posts"}],"about":[{"href":"http:\/\/gazetevizyon.com\/index.php?rest_route=\/wp\/v2\/types\/post"}],"author":[{"embeddable":true,"href":"http:\/\/gazetevizyon.com\/index.php?rest_route=\/wp\/v2\/users\/3"}],"replies":[{"embeddable":true,"href":"http:\/\/gazetevizyon.com\/index.php?rest_route=%2Fwp%2Fv2%2Fcomments&post=3226"}],"version-history":[{"count":1,"href":"http:\/\/gazetevizyon.com\/index.php?rest_route=\/wp\/v2\/posts\/3226\/revisions"}],"predecessor-version":[{"id":3228,"href":"http:\/\/gazetevizyon.com\/index.php?rest_route=\/wp\/v2\/posts\/3226\/revisions\/3228"}],"wp:featuredmedia":[{"embeddable":true,"href":"http:\/\/gazetevizyon.com\/index.php?rest_route=\/wp\/v2\/media\/3227"}],"wp:attachment":[{"href":"http:\/\/gazetevizyon.com\/index.php?rest_route=%2Fwp%2Fv2%2Fmedia&parent=3226"}],"wp:term":[{"taxonomy":"category","embeddable":true,"href":"http:\/\/gazetevizyon.com\/index.php?rest_route=%2Fwp%2Fv2%2Fcategories&post=3226"},{"taxonomy":"post_tag","embeddable":true,"href":"http:\/\/gazetevizyon.com\/index.php?rest_route=%2Fwp%2Fv2%2Ftags&post=3226"}],"curies":[{"name":"wp","href":"https:\/\/api.w.org\/{rel}","templated":true}]}}