{"id":32411,"date":"2025-08-12T15:26:08","date_gmt":"2025-08-12T15:26:08","guid":{"rendered":"http:\/\/gazetevizyon.com\/?p=32411"},"modified":"2025-08-12T15:26:08","modified_gmt":"2025-08-12T15:26:08","slug":"bigadicte-korku-veren-yangin-koseler-mahallesinde-evlere-tehdit","status":"publish","type":"post","link":"http:\/\/gazetevizyon.com\/?p=32411","title":{"rendered":"Bigadi\u00e7&#8217;te Korku Veren Yang\u0131n: K\u00f6seler Mahallesi&#8217;nde Evlere Tehdit!"},"content":{"rendered":"<p>\n<h2>Bigadi\u00e7&#8217;te Yang\u0131n Pani\u011fi: K\u00f6seler Mahallesi Evlerinden Dumanlar<\/h2>\n<\/p>\n<p><\/p>\n<p>Bigadi\u00e7 il\u00e7esine ba\u011fl\u0131 K\u00f6seler Mahallesi&#8217;nde bir ambarda \u00e7\u0131kan yang\u0131n, h\u0131zla yay\u0131l\u0131p yerle\u015fim yerlerine ula\u015fmas\u0131yla b\u00fcy\u00fck panik ya\u015fatt\u0131. Yang\u0131n\u0131n ilk olarak bir ambarda ba\u015flad\u0131\u011f\u0131 ve r\u00fczgar\u0131n etkisiyle h\u0131zla yay\u0131ld\u0131\u011f\u0131 belirtildi. <strong>Yang\u0131n, mahalle sakinleri aras\u0131nda b\u00fcy\u00fck endi\u015feye yol a\u00e7arken, itfaiye ekipleri yang\u0131na m\u00fcdahale etmek i\u00e7in olay yerine sevk edildi.<\/strong><\/p>\n<p><\/p>\n<p><h3>Yang\u0131n\u0131n S\u00f6nd\u00fcr\u00fclmesinde Zorluklar Ya\u015fan\u0131yor<\/h3>\n<\/p>\n<p><\/p>\n<p>Yang\u0131n\u0131n kontrol alt\u0131na al\u0131nmas\u0131 i\u00e7in yo\u011fun \u00e7aba g\u00f6sterilirken, r\u00fczgar\u0131n etkisiyle yang\u0131n\u0131n yay\u0131lmas\u0131n\u0131n engellenmesi konusunda zorluklar ya\u015fan\u0131yor. \u0130tfaiye ekipleri, yang\u0131n\u0131n yerle\u015fim yerlerine s\u0131\u00e7ramas\u0131n\u0131 \u00f6nlemek i\u00e7in havadan ve karadan m\u00fcdahalelerde bulunuyor. <strong>Ekiplerin h\u0131zl\u0131 m\u00fcdahalesi sayesinde, hen\u00fcz can kayb\u0131 veya yaralanma ya\u015fanmad\u0131.<\/strong><\/p>\n<p><\/p>\n<p><h3>Vatanda\u015flara Destek Veriliyor<\/h3>\n<\/p>\n<p><\/p>\n<p>Yang\u0131ndan etkilenen vatanda\u015flar\u0131n ihtiya\u00e7lar\u0131n\u0131n en h\u0131zl\u0131 \u015fekilde kar\u015f\u0131lanmas\u0131 i\u00e7in gerekli \u00e7al\u0131\u015fmalar ba\u015flat\u0131ld\u0131. Bigadi\u00e7 Belediyesi ve di\u011fer kurumlar, yang\u0131ndan etkilenenlere s\u0131cak yemek, su ve di\u011fer temel ihtiya\u00e7 maddelerini ula\u015ft\u0131rmak i\u00e7in seferber oldu. <strong>Yerel y\u00f6netimler, vatanda\u015flara her t\u00fcrl\u00fc deste\u011fi sa\u011flamak i\u00e7in \u00e7al\u0131\u015f\u0131yor.<\/strong><\/p>\n<p><\/p>\n<p><h3>M\u00fcdahale \u00c7al\u0131\u015fmalar\u0131 S\u00fcr\u00fcyor<\/h3>\n<\/p>\n<p><\/p>\n<p>Yang\u0131n b\u00f6lgesine \u00e7ok say\u0131da itfaiye arac\u0131 ve itfaiye eri sevk edildi. Hava ara\u00e7lar\u0131yla da yang\u0131na m\u00fcdahale \u00e7al\u0131\u015fmalar\u0131 devam ediyor. <strong>Ekipler, yang\u0131n\u0131n tamamen s\u00f6nd\u00fcr\u00fclmesi ve kontrol alt\u0131na al\u0131nmas\u0131 i\u00e7in aral\u0131ks\u0131z \u00e7al\u0131\u015f\u0131yor.<\/strong><\/p>\n<p><\/p>\n<p><h3>Gerekli \u00d6nlemler Al\u0131n\u0131yor<\/h3>\n<\/p>\n<p><\/p>\n<p>Yang\u0131n\u0131n nedenine ili\u015fkin inceleme ba\u015flat\u0131ld\u0131. Olay yerinde g\u00fcvenlik \u00f6nlemleri al\u0131nd\u0131 ve b\u00f6lge giri\u015f<\/p>\n<ul>\n<li>\u00e7\u0131k\u0131\u015flar\u0131 k\u0131s\u0131tland\u0131. <strong>Yetkililer, vatanda\u015flar\u0131 yang\u0131n b\u00f6lgesinden uzak durmalar\u0131 y\u00f6n\u00fcnde uyard\u0131.<\/strong><\/p>\n<\/li>\n<p><\/p>\n<p>&lt;ul style=&quot;list<\/p>\n<li>style-type: disc;&#8221;&gt;<\/li>\n<p>  <\/p>\n<li><b>Olay Yeri:<\/b> Bigadi\u00e7 K\u00f6seler Mahallesi<\/li>\n<p>  <\/p>\n<li><b>Yang\u0131n\u0131n Ba\u015flang\u0131\u00e7 Noktas\u0131:<\/b> Bir ambar<\/li>\n<p>  <\/p>\n<li><b>M\u00fcdahale:<\/b> \u0130tfaiye ekipleri, hava ara\u00e7lar\u0131<\/li>\n<p>  <\/p>\n<li><b>Destek:<\/b> Bigadi\u00e7 Belediyesi ve di\u011fer kurumlar<\/li>\n<\/ul>\n<p><\/ul><\/p>\n","protected":false},"excerpt":{"rendered":"<p>Bigadi\u00e7&#8217;te Yang\u0131n Pani\u011fi: K\u00f6seler Mahallesi Evlerinden Dumanlar Bigadi\u00e7 il\u00e7esine ba\u011fl\u0131 K\u00f6seler Mahallesi&#8217;nde bir ambarda \u00e7\u0131kan yang\u0131n, h\u0131zla yay\u0131l\u0131p yerle\u015fim yerlerine ula\u015fmas\u0131yla b\u00fcy\u00fck panik ya\u015fatt\u0131. Yang\u0131n\u0131n ilk olarak bir ambarda ba\u015flad\u0131\u011f\u0131 ve r\u00fczgar\u0131n etkisiyle h\u0131zla yay\u0131ld\u0131\u011f\u0131 belirtildi. Yang\u0131n, mahalle sakinleri aras\u0131nda&#8230;<\/p>\n","protected":false},"author":1,"featured_media":32412,"comment_status":"closed","ping_status":"closed","sticky":false,"template":"","format":"standard","meta":{"footnotes":""},"categories":[23],"tags":[],"class_list":["post-32411","post","type-post","status-publish","format-standard","has-post-thumbnail","hentry","category-siyaset"],"_links":{"self":[{"href":"http:\/\/gazetevizyon.com\/index.php?rest_route=\/wp\/v2\/posts\/32411","targetHints":{"allow":["GET"]}}],"collection":[{"href":"http:\/\/gazetevizyon.com\/index.php?rest_route=\/wp\/v2\/posts"}],"about":[{"href":"http:\/\/gazetevizyon.com\/index.php?rest_route=\/wp\/v2\/types\/post"}],"author":[{"embeddable":true,"href":"http:\/\/gazetevizyon.com\/index.php?rest_route=\/wp\/v2\/users\/1"}],"replies":[{"embeddable":true,"href":"http:\/\/gazetevizyon.com\/index.php?rest_route=%2Fwp%2Fv2%2Fcomments&post=32411"}],"version-history":[{"count":1,"href":"http:\/\/gazetevizyon.com\/index.php?rest_route=\/wp\/v2\/posts\/32411\/revisions"}],"predecessor-version":[{"id":32424,"href":"http:\/\/gazetevizyon.com\/index.php?rest_route=\/wp\/v2\/posts\/32411\/revisions\/32424"}],"wp:featuredmedia":[{"embeddable":true,"href":"http:\/\/gazetevizyon.com\/index.php?rest_route=\/wp\/v2\/media\/32412"}],"wp:attachment":[{"href":"http:\/\/gazetevizyon.com\/index.php?rest_route=%2Fwp%2Fv2%2Fmedia&parent=32411"}],"wp:term":[{"taxonomy":"category","embeddable":true,"href":"http:\/\/gazetevizyon.com\/index.php?rest_route=%2Fwp%2Fv2%2Fcategories&post=32411"},{"taxonomy":"post_tag","embeddable":true,"href":"http:\/\/gazetevizyon.com\/index.php?rest_route=%2Fwp%2Fv2%2Ftags&post=32411"}],"curies":[{"name":"wp","href":"https:\/\/api.w.org\/{rel}","templated":true}]}}