{"id":3244,"date":"2019-03-14T07:49:46","date_gmt":"2019-03-14T07:49:46","guid":{"rendered":"http:\/\/gazetevizyon.com\/?p=3244"},"modified":"2019-03-14T07:49:46","modified_gmt":"2019-03-14T07:49:46","slug":"tugva-balikesir-diyarbakir-genclik-bulusmasi","status":"publish","type":"post","link":"http:\/\/gazetevizyon.com\/?p=3244","title":{"rendered":"T\u00dcGVA BALIKES\u0130R \/ D\u0130YARBAKIR GEN\u00c7L\u0130K BULU\u015eMASI"},"content":{"rendered":"\n<p><strong>T\u00dcGVA BALIKES\u0130R \/ D\u0130YARBAKIR GEN\u00c7L\u0130K BULU\u015eMASI<\/strong><\/p>\n\n\n\n<p>Cumhurba\u015fkan\u0131 Recep Tayyip\nErdo\u011fan&#8217;\u0131n kat\u0131l\u0131m\u0131yla Seyrantepe Spor Salonu&#8217;nda d\u00fczenlendi.<\/p>\n\n\n\n<p>T\u00fcrkiye Gen\u00e7lik Vakf\u0131\nBal\u0131kesir \u00dcniversite Koordinat\u00f6rl\u00fc\u011f\u00fc olarak, Diyarbak\u0131r&#8217;daki Gen\u00e7lik\nbulu\u015fmas\u0131na 50 gencimizle kat\u0131ld\u0131k. Cumhurba\u015fkan\u0131n\u0131 yak\u0131ndan g\u00f6rme dinleme\nimkan\u0131 bulan gen\u00e7ler salondaki ruh ve \u00e7o\u015fkudan \u00e7ok memnun kald\u0131klar\u0131n\u0131 dile\ngetirdiler. Program \u00f6ncesinde diyarbak\u0131r turu yapan gen\u00e7ler d\u00f6rtayakl\u0131 minare,\nong\u00f6zl\u00fc k\u00f6pr\u00fc, suri\u00e7i, hz. S\u00fcleyman t\u00fcrbesini ziyaret ettiler. <\/p>\n\n\n\n<p>Diyarbak\u0131r program\u0131\n\u015eanl\u0131urfa gezisiyle devam etti. \u015eanl\u0131urfa&#8217;da Bal\u0131kl\u0131g\u00f6l, G\u00fcmr\u00fckhan\u0131,\nb\u00fcy\u00fckma\u011fara, Seyirtepesi, Kale \u00e7evresini gezdiler. <\/p>\n\n\n\n<p>Gen\u00e7lik bulu\u015fmas\u0131 ile T\u00fcrkiye&#8217;nin 81 ilinden gelen gen\u00e7lerle bulu\u015fan Bal\u0131kesirli gen\u00e7ler hem yeni ki\u015filerle tan\u0131\u015ft\u0131lar hem de mini bir do\u011fu turu yapt\u0131lar. Gen\u00e7ler&nbsp; T\u00dcGVA Bal\u0131kesir&#8217;e bu imkan\u0131 sa\u011flad\u0131klar\u0131 i\u00e7in te\u015fekk\u00fcr ettiler.<\/p>\n\n\n\n<ul class=\"wp-block-gallery columns-3 is-cropped wp-block-gallery-1 is-layout-flex wp-block-gallery-is-layout-flex\"><li class=\"blocks-gallery-item\"><figure><img decoding=\"async\" src=\"http:\/\/balikesirgercek.com\/wp-content\/uploads\/2019\/03\/6c690c63-9142-4cec-b99d-3ef1a1247fc6-1024x768.jpg\" alt=\"\" data-id=\"3283\" data-link=\"http:\/\/balikesirgercek.com\/?attachment_id=3283\" class=\"wp-image-3283\"\/><\/figure><\/li><li class=\"blocks-gallery-item\"><figure><img decoding=\"async\" src=\"http:\/\/balikesirgercek.com\/wp-content\/uploads\/2019\/03\/5277516d-1d56-4462-b46b-6fbe66cd50f2-1024x768.jpg\" alt=\"\" data-id=\"3284\" data-link=\"http:\/\/balikesirgercek.com\/?attachment_id=3284\" class=\"wp-image-3284\"\/><\/figure><\/li><li class=\"blocks-gallery-item\"><figure><img decoding=\"async\" src=\"http:\/\/balikesirgercek.com\/wp-content\/uploads\/2019\/03\/ba850c81-7e4c-4a94-af77-0462559a6046-1024x768.jpg\" alt=\"\" data-id=\"3285\" data-link=\"http:\/\/balikesirgercek.com\/?attachment_id=3285\" class=\"wp-image-3285\"\/><\/figure><\/li><li class=\"blocks-gallery-item\"><figure><img decoding=\"async\" src=\"http:\/\/balikesirgercek.com\/wp-content\/uploads\/2019\/03\/bb24afdc-0221-4c36-b52d-63db5ddca9e8-1024x768.jpg\" alt=\"\" data-id=\"3286\" data-link=\"http:\/\/balikesirgercek.com\/?attachment_id=3286\" class=\"wp-image-3286\"\/><\/figure><\/li><li class=\"blocks-gallery-item\"><figure><img decoding=\"async\" src=\"http:\/\/balikesirgercek.com\/wp-content\/uploads\/2019\/03\/1cc81e02-9ecb-44ef-93c3-f8584351d0b1-1024x768.jpg\" alt=\"\" data-id=\"3287\" data-link=\"http:\/\/balikesirgercek.com\/?attachment_id=3287\" class=\"wp-image-3287\"\/><\/figure><\/li><li class=\"blocks-gallery-item\"><figure><img decoding=\"async\" src=\"http:\/\/balikesirgercek.com\/wp-content\/uploads\/2019\/03\/3a2e9571-c100-43ab-9db1-8bb4976d9752-1024x768.jpg\" alt=\"\" data-id=\"3288\" data-link=\"http:\/\/balikesirgercek.com\/?attachment_id=3288\" class=\"wp-image-3288\"\/><\/figure><\/li><\/ul>\n","protected":false},"excerpt":{"rendered":"<p>T\u00dcGVA BALIKES\u0130R \/ D\u0130YARBAKIR GEN\u00c7L\u0130K BULU\u015eMASI Cumhurba\u015fkan\u0131 Recep Tayyip Erdo\u011fan&#8217;\u0131n kat\u0131l\u0131m\u0131yla Seyrantepe Spor Salonu&#8217;nda d\u00fczenlendi. T\u00fcrkiye Gen\u00e7lik Vakf\u0131 Bal\u0131kesir \u00dcniversite Koordinat\u00f6rl\u00fc\u011f\u00fc olarak, Diyarbak\u0131r&#8217;daki Gen\u00e7lik bulu\u015fmas\u0131na 50 gencimizle kat\u0131ld\u0131k. Cumhurba\u015fkan\u0131n\u0131 yak\u0131ndan g\u00f6rme dinleme imkan\u0131 bulan gen\u00e7ler salondaki ruh ve \u00e7o\u015fkudan \u00e7ok&#8230;<\/p>\n","protected":false},"author":3,"featured_media":3245,"comment_status":"open","ping_status":"open","sticky":false,"template":"","format":"standard","meta":{"footnotes":""},"categories":[20,36],"tags":[],"class_list":["post-3244","post","type-post","status-publish","format-standard","has-post-thumbnail","hentry","category-guncel","category-manset"],"_links":{"self":[{"href":"http:\/\/gazetevizyon.com\/index.php?rest_route=\/wp\/v2\/posts\/3244","targetHints":{"allow":["GET"]}}],"collection":[{"href":"http:\/\/gazetevizyon.com\/index.php?rest_route=\/wp\/v2\/posts"}],"about":[{"href":"http:\/\/gazetevizyon.com\/index.php?rest_route=\/wp\/v2\/types\/post"}],"author":[{"embeddable":true,"href":"http:\/\/gazetevizyon.com\/index.php?rest_route=\/wp\/v2\/users\/3"}],"replies":[{"embeddable":true,"href":"http:\/\/gazetevizyon.com\/index.php?rest_route=%2Fwp%2Fv2%2Fcomments&post=3244"}],"version-history":[{"count":1,"href":"http:\/\/gazetevizyon.com\/index.php?rest_route=\/wp\/v2\/posts\/3244\/revisions"}],"predecessor-version":[{"id":3246,"href":"http:\/\/gazetevizyon.com\/index.php?rest_route=\/wp\/v2\/posts\/3244\/revisions\/3246"}],"wp:featuredmedia":[{"embeddable":true,"href":"http:\/\/gazetevizyon.com\/index.php?rest_route=\/wp\/v2\/media\/3245"}],"wp:attachment":[{"href":"http:\/\/gazetevizyon.com\/index.php?rest_route=%2Fwp%2Fv2%2Fmedia&parent=3244"}],"wp:term":[{"taxonomy":"category","embeddable":true,"href":"http:\/\/gazetevizyon.com\/index.php?rest_route=%2Fwp%2Fv2%2Fcategories&post=3244"},{"taxonomy":"post_tag","embeddable":true,"href":"http:\/\/gazetevizyon.com\/index.php?rest_route=%2Fwp%2Fv2%2Ftags&post=3244"}],"curies":[{"name":"wp","href":"https:\/\/api.w.org\/{rel}","templated":true}]}}