{"id":32493,"date":"2025-08-14T00:36:14","date_gmt":"2025-08-14T00:36:14","guid":{"rendered":"http:\/\/gazetevizyon.com\/?p=32493"},"modified":"2025-08-14T00:36:14","modified_gmt":"2025-08-14T00:36:14","slug":"sindirgida-depremzede-ailelere-ziyaret","status":"publish","type":"post","link":"http:\/\/gazetevizyon.com\/?p=32493","title":{"rendered":"S\u0131nd\u0131rg\u0131&#8217;da Depremzede Ailelere Ziyaret"},"content":{"rendered":"<p>\n<h2>S\u0131nd\u0131rg\u0131&#8217;da Depremzede Ailelere Destek Ziyareti<\/h2>\n<\/p>\n<p><\/p>\n<p><p><strong>S\u0131nd\u0131rg\u0131 il\u00e7esinde ya\u015fanan depremin ard\u0131ndan<\/strong>, yetkililer depremzede hem\u015fehrileri ziyaret ederek ge\u00e7mi\u015f olsun dileklerini iletti ve ihtiya\u00e7lar\u0131n\u0131 yerinde tespit etti. Bu ziyaretler, depremzedelerin yaln\u0131z olmad\u0131\u011f\u0131n\u0131 hissetmelerini sa\u011flamay\u0131 ve onlara moral vermeyi ama\u00e7l\u0131yor.<\/p>\n<\/p>\n<p><\/p>\n<p><h3>Deprem Sonras\u0131 \u0130lk Ziyaretler<\/h3>\n<\/p>\n<p><\/p>\n<p><p>S\u0131nd\u0131rg\u0131&#8217;da ya\u015fanan deprem felaketinin ard\u0131ndan, ilk ziyaretler ba\u015flad\u0131. Bu ziyaretlerde depremzede ailelerin ya\u015fad\u0131\u011f\u0131 zorluklar yak\u0131ndan g\u00f6r\u00fcld\u00fc. Yetkililer, <strong>depremzedelerin ihtiya\u00e7lar\u0131n\u0131n kar\u015f\u0131lanmas\u0131<\/strong> i\u00e7in gerekli \u00e7al\u0131\u015fmalar\u0131n h\u0131zla devam etti\u011fini belirtti.<\/p>\n<\/p>\n<p><\/p>\n<p><h3>\u0130htiya\u00e7 Tespiti ve Destek \u00c7al\u0131\u015fmalar\u0131<\/h3>\n<\/p>\n<p><\/p>\n<p><p>Ziyaretlerin temel amac\u0131, depremzedelerin acil ihtiya\u00e7lar\u0131n\u0131 belirlemek ve bu ihtiya\u00e7lar\u0131n kar\u015f\u0131lanmas\u0131 i\u00e7in gerekli ad\u0131mlar\u0131 atmakt\u0131r. Bu kapsamda, <strong>g\u0131da, giyim ve bar\u0131nma ihtiya\u00e7lar\u0131<\/strong> \u00f6ncelikli olarak de\u011ferlendiriliyor. Ayr\u0131ca, psikolojik destek sa\u011flamak i\u00e7in de \u00e7al\u0131\u015fmalar y\u00fcr\u00fct\u00fcl\u00fcyor.<\/p>\n<\/p>\n<p><\/p>\n<p><h3>Birlik ve Dayan\u0131\u015fma Vurgusu<\/h3>\n<\/p>\n<p><\/p>\n<p><p>Yetkililer, zorlu g\u00fcnlerin \u00fcstesinden birlik ve beraberlik i\u00e7erisinde gelinebilece\u011fini vurgulad\u0131. <strong>S\u0131nd\u0131rg\u0131 halk\u0131n\u0131n dayan\u0131\u015fmas\u0131<\/strong>, depremzedelere g\u00fc\u00e7 veriyor ve yaralar\u0131n sar\u0131lmas\u0131na katk\u0131 sa\u011fl\u0131yor. Bu s\u00fcre\u00e7te, t\u00fcm vatanda\u015flar\u0131n birbirine destek olmas\u0131 gerekti\u011fi belirtildi.<\/p>\n<\/p>\n<p><\/p>\n<p><h3>Destek Mekanizmalar\u0131<\/h3>\n<\/p>\n<p><\/p>\n<p><p>Depremzedelere destek olmak isteyenler i\u00e7in \u00e7e\u015fitli mekanizmalar olu\u015fturuldu:<\/p>\n<p><\/p>\n<ul>  <\/p>\n<ul>\n<li>G\u0131da ve giyim yard\u0131m\u0131 i\u00e7in belirlenen yard\u0131m noktalar\u0131na ba\u011f\u0131\u015f yap\u0131labilir.<\/li>\n<p>  <\/p>\n<li>Psikolojik destek almak isteyenler, ilgili kurumlarla ileti\u015fime ge\u00e7ebilir.<\/li>\n<p>  <\/p>\n<li>Bar\u0131nma ihtiyac\u0131 olanlar, ge\u00e7ici bar\u0131nma merkezlerine ba\u015fvurabilir.<\/li>\n<\/ul>\n<p><\/ul>\n<\/p>\n<p><\/p>\n<p><p><strong>S\u0131nd\u0131rg\u0131 Belediyesi<\/strong> ve di\u011fer ilgili kurumlar, depremzedelere her t\u00fcrl\u00fc deste\u011fi sa\u011flamak i\u00e7in \u00e7al\u0131\u015fmaya devam ediyor.<\/p><\/p>\n","protected":false},"excerpt":{"rendered":"<p>S\u0131nd\u0131rg\u0131&#8217;da Depremzede Ailelere Destek Ziyareti S\u0131nd\u0131rg\u0131 il\u00e7esinde ya\u015fanan depremin ard\u0131ndan, yetkililer depremzede hem\u015fehrileri ziyaret ederek ge\u00e7mi\u015f olsun dileklerini iletti ve ihtiya\u00e7lar\u0131n\u0131 yerinde tespit etti. Bu ziyaretler, depremzedelerin yaln\u0131z olmad\u0131\u011f\u0131n\u0131 hissetmelerini sa\u011flamay\u0131 ve onlara moral vermeyi ama\u00e7l\u0131yor. Deprem Sonras\u0131 \u0130lk Ziyaretler&#8230;<\/p>\n","protected":false},"author":1,"featured_media":32494,"comment_status":"closed","ping_status":"closed","sticky":false,"template":"","format":"standard","meta":{"footnotes":""},"categories":[23],"tags":[],"class_list":["post-32493","post","type-post","status-publish","format-standard","has-post-thumbnail","hentry","category-siyaset"],"_links":{"self":[{"href":"http:\/\/gazetevizyon.com\/index.php?rest_route=\/wp\/v2\/posts\/32493","targetHints":{"allow":["GET"]}}],"collection":[{"href":"http:\/\/gazetevizyon.com\/index.php?rest_route=\/wp\/v2\/posts"}],"about":[{"href":"http:\/\/gazetevizyon.com\/index.php?rest_route=\/wp\/v2\/types\/post"}],"author":[{"embeddable":true,"href":"http:\/\/gazetevizyon.com\/index.php?rest_route=\/wp\/v2\/users\/1"}],"replies":[{"embeddable":true,"href":"http:\/\/gazetevizyon.com\/index.php?rest_route=%2Fwp%2Fv2%2Fcomments&post=32493"}],"version-history":[{"count":1,"href":"http:\/\/gazetevizyon.com\/index.php?rest_route=\/wp\/v2\/posts\/32493\/revisions"}],"predecessor-version":[{"id":32501,"href":"http:\/\/gazetevizyon.com\/index.php?rest_route=\/wp\/v2\/posts\/32493\/revisions\/32501"}],"wp:featuredmedia":[{"embeddable":true,"href":"http:\/\/gazetevizyon.com\/index.php?rest_route=\/wp\/v2\/media\/32494"}],"wp:attachment":[{"href":"http:\/\/gazetevizyon.com\/index.php?rest_route=%2Fwp%2Fv2%2Fmedia&parent=32493"}],"wp:term":[{"taxonomy":"category","embeddable":true,"href":"http:\/\/gazetevizyon.com\/index.php?rest_route=%2Fwp%2Fv2%2Fcategories&post=32493"},{"taxonomy":"post_tag","embeddable":true,"href":"http:\/\/gazetevizyon.com\/index.php?rest_route=%2Fwp%2Fv2%2Ftags&post=32493"}],"curies":[{"name":"wp","href":"https:\/\/api.w.org\/{rel}","templated":true}]}}