{"id":32495,"date":"2025-08-14T00:39:17","date_gmt":"2025-08-14T00:39:17","guid":{"rendered":"http:\/\/gazetevizyon.com\/?p=32495"},"modified":"2025-08-14T00:39:17","modified_gmt":"2025-08-14T00:39:17","slug":"sindirgida-deprem-sonrasi-hasar-tespiti-vali-ustaoglu-yerinde-degerlendirme-yapti","status":"publish","type":"post","link":"http:\/\/gazetevizyon.com\/?p=32495","title":{"rendered":"S\u0131nd\u0131rg\u0131&#8217;da Deprem Sonras\u0131 Hasar Tespiti: Vali Ustao\u011flu Yerinde De\u011ferlendirme Yapt\u0131"},"content":{"rendered":"<p>\n<h2>S\u0131nd\u0131rg\u0131&#8217;da Deprem Sonras\u0131 Hasar Tespiti Devam Ediyor<\/h2>\n<\/p>\n<p><\/p>\n<p><p>Bal\u0131kesir&#8217;in S\u0131nd\u0131rg\u0131 il\u00e7esinde meydana gelen deprem sonras\u0131 ba\u015flat\u0131lan hasar tespit \u00e7al\u0131\u015fmalar\u0131 h\u0131zla devam ediyor. <strong>Bal\u0131kesir Valisi \u0130smail Ustao\u011flu<\/strong>, S\u0131nd\u0131rg\u0131&#8217;ya gelerek depremden etkilenen b\u00f6lgelerde incelemelerde bulundu.<\/p>\n<\/p>\n<p><\/p>\n<p><h3>Vali Ustao\u011flu, Vatanda\u015flarla Bulu\u015ftu<\/h3>\n<\/p>\n<p><\/p>\n<p><p>Vali Ustao\u011flu, S\u0131nd\u0131rg\u0131&#8217;n\u0131n Bayrakl\u0131 Mahallesi&#8217;nde depremden etkilenen vatanda\u015flarla bir araya gelerek ya\u015fanan s\u0131k\u0131nt\u0131lar\u0131 dinledi ve gerekli desteklerin sa\u011flanmas\u0131 i\u00e7in talimatlar verdi. Bu ziyaret, deprem sonras\u0131 b\u00f6lgedeki koordinasyon \u00e7al\u0131\u015fmalar\u0131n\u0131n \u00f6nemini bir kez daha g\u00f6sterdi.<\/p>\n<\/p>\n<p><\/p>\n<p><h3>Bayrakl\u0131 Mahallesi&#8217;nde Hasar Tespiti<\/h3>\n<\/p>\n<p><\/p>\n<p><p>S\u0131nd\u0131rg\u0131 il\u00e7esi Bayrakl\u0131 Mahallesi&#8217;nde y\u00fcr\u00fct\u00fclen hasar tespit \u00e7al\u0131\u015fmalar\u0131, depremden etkilenen konut ve i\u015fyerlerinin durumunu de\u011ferlendirmeyi ama\u00e7l\u0131yor. <strong>Vali Ustao\u011flu<\/strong>, yap\u0131lan tespitlerin titizlikle y\u00fcr\u00fct\u00fclmesini ve depremden zarar g\u00f6renlerin ihtiya\u00e7lar\u0131n\u0131n en k\u0131sa s\u00fcrede kar\u015f\u0131lanmas\u0131n\u0131 vurgulad\u0131.<\/p>\n<\/p>\n<p><\/p>\n<p><h3>Koordinasyon \u00c7al\u0131\u015fmalar\u0131<\/h3>\n<\/p>\n<p><\/p>\n<p><p>Deprem sonras\u0131 S\u0131nd\u0131rg\u0131&#8217;da y\u00fcr\u00fct\u00fclen \u00e7al\u0131\u015fmalar kapsam\u0131nda:<\/p>\n<p><\/p>\n<ul>  <\/p>\n<ul>\n<li>Hasar tespit ekipleri sahada yo\u011fun \u015fekilde \u00e7al\u0131\u015f\u0131yor.<\/li>\n<p>  <\/p>\n<li>Vatanda\u015flara gerekli yard\u0131mlar ula\u015ft\u0131r\u0131l\u0131yor.<\/li>\n<p>  <\/p>\n<li>Devlet kurumlar\u0131 ve yerel y\u00f6netimler i\u015fbirli\u011fi i\u00e7erisinde \u00e7al\u0131\u015f\u0131yor.<\/li>\n<\/ul>\n<p><\/ul>\n<\/p>\n<p><\/p>\n<p><p>Bu kapsaml\u0131 \u00e7al\u0131\u015fmalar, depremden etkilenen b\u00f6lgenin en k\u0131sa s\u00fcrede yeniden hayat bulmas\u0131na katk\u0131 sa\u011flayacak.<\/p><\/p>\n","protected":false},"excerpt":{"rendered":"<p>S\u0131nd\u0131rg\u0131&#8217;da Deprem Sonras\u0131 Hasar Tespiti Devam Ediyor Bal\u0131kesir&#8217;in S\u0131nd\u0131rg\u0131 il\u00e7esinde meydana gelen deprem sonras\u0131 ba\u015flat\u0131lan hasar tespit \u00e7al\u0131\u015fmalar\u0131 h\u0131zla devam ediyor. Bal\u0131kesir Valisi \u0130smail Ustao\u011flu, S\u0131nd\u0131rg\u0131&#8217;ya gelerek depremden etkilenen b\u00f6lgelerde incelemelerde bulundu. Vali Ustao\u011flu, Vatanda\u015flarla Bulu\u015ftu Vali Ustao\u011flu, S\u0131nd\u0131rg\u0131&#8217;n\u0131n Bayrakl\u0131&#8230;<\/p>\n","protected":false},"author":1,"featured_media":32496,"comment_status":"closed","ping_status":"closed","sticky":false,"template":"","format":"standard","meta":{"footnotes":""},"categories":[36],"tags":[],"class_list":["post-32495","post","type-post","status-publish","format-standard","has-post-thumbnail","hentry","category-manset"],"_links":{"self":[{"href":"http:\/\/gazetevizyon.com\/index.php?rest_route=\/wp\/v2\/posts\/32495","targetHints":{"allow":["GET"]}}],"collection":[{"href":"http:\/\/gazetevizyon.com\/index.php?rest_route=\/wp\/v2\/posts"}],"about":[{"href":"http:\/\/gazetevizyon.com\/index.php?rest_route=\/wp\/v2\/types\/post"}],"author":[{"embeddable":true,"href":"http:\/\/gazetevizyon.com\/index.php?rest_route=\/wp\/v2\/users\/1"}],"replies":[{"embeddable":true,"href":"http:\/\/gazetevizyon.com\/index.php?rest_route=%2Fwp%2Fv2%2Fcomments&post=32495"}],"version-history":[{"count":1,"href":"http:\/\/gazetevizyon.com\/index.php?rest_route=\/wp\/v2\/posts\/32495\/revisions"}],"predecessor-version":[{"id":32502,"href":"http:\/\/gazetevizyon.com\/index.php?rest_route=\/wp\/v2\/posts\/32495\/revisions\/32502"}],"wp:featuredmedia":[{"embeddable":true,"href":"http:\/\/gazetevizyon.com\/index.php?rest_route=\/wp\/v2\/media\/32496"}],"wp:attachment":[{"href":"http:\/\/gazetevizyon.com\/index.php?rest_route=%2Fwp%2Fv2%2Fmedia&parent=32495"}],"wp:term":[{"taxonomy":"category","embeddable":true,"href":"http:\/\/gazetevizyon.com\/index.php?rest_route=%2Fwp%2Fv2%2Fcategories&post=32495"},{"taxonomy":"post_tag","embeddable":true,"href":"http:\/\/gazetevizyon.com\/index.php?rest_route=%2Fwp%2Fv2%2Ftags&post=32495"}],"curies":[{"name":"wp","href":"https:\/\/api.w.org\/{rel}","templated":true}]}}