{"id":32513,"date":"2025-08-14T18:34:04","date_gmt":"2025-08-14T18:34:04","guid":{"rendered":"http:\/\/gazetevizyon.com\/?p=32513"},"modified":"2025-08-14T18:34:04","modified_gmt":"2025-08-14T18:34:04","slug":"bandirmada-yaz-kuran-kursu-ogrencileri-bilgi-yarismasinda-yaristi","status":"publish","type":"post","link":"http:\/\/gazetevizyon.com\/?p=32513","title":{"rendered":"Band\u0131rma&#8217;da Yaz Kur&#8217;an Kursu \u00d6\u011frencileri Bilgi Yar\u0131\u015fmas\u0131nda Yar\u0131\u015ft\u0131"},"content":{"rendered":"<p>\n<h2>Band\u0131rma&#8217;da Yaz Kur&#8217;an Kursu \u00d6\u011frencileri Bilgi Yar\u0131\u015fmas\u0131nda Yar\u0131\u015ft\u0131<\/h2>\n<\/p>\n<p><\/p>\n<p>Band\u0131rma \u0130l\u00e7e M\u00fcft\u00fcl\u00fc\u011f\u00fc taraf\u0131ndan d\u00fczenlenen Yaz Kur&#8217;an Kurslar\u0131 \u00d6d\u00fcll\u00fc Temel Dini Bilgiler Yar\u0131\u015fma S\u0131nav\u0131, b\u00fcy\u00fck bir ilgiyle ger\u00e7ekle\u015ftirildi. \u0130lk\u00f6\u011fretim ve orta\u00f6\u011fretim d\u00fczeyindeki \u00f6\u011frenciler, dini bilgilerini peki\u015ftirmek ve Peygamber Efendimiz Hz. Muhammed&#8217;i (s.a.v.) daha yak\u0131ndan tan\u0131mak amac\u0131yla d\u00fczenlenen yar\u0131\u015fmaya kat\u0131ld\u0131.<\/p>\n<p><\/p>\n<p><h3>Yo\u011fun \u0130lgi ve Rekabet<\/h3>\n<\/p>\n<p><\/p>\n<p>Band\u0131rmal\u0131 \u00f6\u011frenciler, hem bilgi seviyelerini s\u0131nama hem de dereceye girmek i\u00e7in yo\u011fun bir haz\u0131rl\u0131k s\u00fcrecinin ard\u0131ndan yar\u0131\u015fma salonunda ter d\u00f6kt\u00fc. Yar\u0131\u015fma, gen\u00e7lerin dini bilgi birikimlerini \u00f6l\u00e7mek ve onlar\u0131 birbirleriyle sa\u011fl\u0131kl\u0131 bir rekabet ortam\u0131nda bulu\u015fturmak amac\u0131yla d\u00fczenlendi.<\/p>\n<p><\/p>\n<p><h3>S\u0131nav\u0131n Amac\u0131 ve Kapsam\u0131<\/h3>\n<\/p>\n<p><\/p>\n<p>Yar\u0131\u015fman\u0131n temel amac\u0131, \u00f6\u011frencilerin dini bilgilerini peki\u015ftirmelerine yard\u0131mc\u0131 olmak ve onlar\u0131n manevi geli\u015fimlerine katk\u0131 sa\u011flamakt\u0131r. <strong>S\u0131nav, ilk\u00f6\u011fretim ve orta\u00f6\u011fretim d\u00fczeyindeki \u00f6\u011frencilere y\u00f6nelik olarak tasarland\u0131.<\/strong><\/p>\n<p><\/p>\n<p><h3>\u00d6d\u00fcl T\u00f6reni ve Sonu\u00e7lar<\/h3>\n<\/p>\n<p><\/p>\n<p>Yar\u0131\u015fma sonunda dereceye giren \u00f6\u011frencilere \u00e7e\u015fitli \u00f6d\u00fcller takdim edilecek. <strong>\u00d6d\u00fcl t\u00f6reninin tarihi ve yeri hakk\u0131nda daha sonra a\u00e7\u0131klama yap\u0131laca\u011f\u0131 belirtildi.<\/strong><\/p>\n<p><\/p>\n<p><h3>Etkinli\u011fin Yap\u0131ld\u0131\u011f\u0131 Yer<\/h3>\n<\/p>\n<p><\/p>\n<p>Ali \u00d6ztaylan Anadolu \u0130mam Hatip Lisesi&#8217;nde ger\u00e7ekle\u015ftirilen bu etkinlik, \u00f6\u011frencilerin hem manevi geli\u015fimlerine katk\u0131 sa\u011flad\u0131 hem de g\u00fczel bir rekabet ortam\u0131 sundu. <strong>Lisenin imkanlar\u0131, etkinli\u011fin ba\u015far\u0131l\u0131 bir \u015fekilde ger\u00e7ekle\u015fmesine olanak sa\u011flad\u0131.<\/strong><\/p>\n<p><\/p>\n<p><h3>Gelecek Etkinlikler<\/h3>\n<\/p>\n<p><\/p>\n<p>Band\u0131rma \u0130l\u00e7e M\u00fcft\u00fcl\u00fc\u011f\u00fc, gen\u00e7lerin dini bilgi birikimlerini art\u0131rmaya y\u00f6nelik benzer etkinlikleri d\u00fczenlemeye devam edecek.<\/p>\n<p><\/p>\n<p><ul>  <\/p>\n<ul>\n<li>Etkinlikler, \u00f6\u011frencilerin dini e\u011fitimine destek olmay\u0131 ama\u00e7lamaktad\u0131r.<\/li>\n<p>  <\/p>\n<li>Band\u0131rma&#8217;daki gen\u00e7lerin geli\u015fimine katk\u0131 sa\u011flamak hedeflenmektedir.<\/li>\n<p>  <\/p>\n<li>Dini bilgi yar\u0131\u015fmalar\u0131, d\u00fczenli olarak takvimde yer alacakt\u0131r.<\/li>\n<\/ul>\n<p><\/ul><\/p>\n","protected":false},"excerpt":{"rendered":"<p>Band\u0131rma&#8217;da Yaz Kur&#8217;an Kursu \u00d6\u011frencileri Bilgi Yar\u0131\u015fmas\u0131nda Yar\u0131\u015ft\u0131 Band\u0131rma \u0130l\u00e7e M\u00fcft\u00fcl\u00fc\u011f\u00fc taraf\u0131ndan d\u00fczenlenen Yaz Kur&#8217;an Kurslar\u0131 \u00d6d\u00fcll\u00fc Temel Dini Bilgiler Yar\u0131\u015fma S\u0131nav\u0131, b\u00fcy\u00fck bir ilgiyle ger\u00e7ekle\u015ftirildi. \u0130lk\u00f6\u011fretim ve orta\u00f6\u011fretim d\u00fczeyindeki \u00f6\u011frenciler, dini bilgilerini peki\u015ftirmek ve Peygamber Efendimiz Hz. Muhammed&#8217;i (s.a.v.)&#8230;<\/p>\n","protected":false},"author":1,"featured_media":32514,"comment_status":"closed","ping_status":"closed","sticky":false,"template":"","format":"standard","meta":{"footnotes":""},"categories":[36],"tags":[],"class_list":["post-32513","post","type-post","status-publish","format-standard","has-post-thumbnail","hentry","category-manset"],"_links":{"self":[{"href":"http:\/\/gazetevizyon.com\/index.php?rest_route=\/wp\/v2\/posts\/32513","targetHints":{"allow":["GET"]}}],"collection":[{"href":"http:\/\/gazetevizyon.com\/index.php?rest_route=\/wp\/v2\/posts"}],"about":[{"href":"http:\/\/gazetevizyon.com\/index.php?rest_route=\/wp\/v2\/types\/post"}],"author":[{"embeddable":true,"href":"http:\/\/gazetevizyon.com\/index.php?rest_route=\/wp\/v2\/users\/1"}],"replies":[{"embeddable":true,"href":"http:\/\/gazetevizyon.com\/index.php?rest_route=%2Fwp%2Fv2%2Fcomments&post=32513"}],"version-history":[{"count":1,"href":"http:\/\/gazetevizyon.com\/index.php?rest_route=\/wp\/v2\/posts\/32513\/revisions"}],"predecessor-version":[{"id":32523,"href":"http:\/\/gazetevizyon.com\/index.php?rest_route=\/wp\/v2\/posts\/32513\/revisions\/32523"}],"wp:featuredmedia":[{"embeddable":true,"href":"http:\/\/gazetevizyon.com\/index.php?rest_route=\/wp\/v2\/media\/32514"}],"wp:attachment":[{"href":"http:\/\/gazetevizyon.com\/index.php?rest_route=%2Fwp%2Fv2%2Fmedia&parent=32513"}],"wp:term":[{"taxonomy":"category","embeddable":true,"href":"http:\/\/gazetevizyon.com\/index.php?rest_route=%2Fwp%2Fv2%2Fcategories&post=32513"},{"taxonomy":"post_tag","embeddable":true,"href":"http:\/\/gazetevizyon.com\/index.php?rest_route=%2Fwp%2Fv2%2Ftags&post=32513"}],"curies":[{"name":"wp","href":"https:\/\/api.w.org\/{rel}","templated":true}]}}