{"id":32520,"date":"2025-08-14T18:44:04","date_gmt":"2025-08-14T18:44:04","guid":{"rendered":"http:\/\/gazetevizyon.com\/?p=32520"},"modified":"2025-08-14T18:44:04","modified_gmt":"2025-08-14T18:44:04","slug":"turkiyenin-24-yillik-kutlu-yuruyusu-recep-tayyip-erdogan-liderliginde-guclenen-turkiye","status":"publish","type":"post","link":"http:\/\/gazetevizyon.com\/?p=32520","title":{"rendered":"T\u00fcrkiye&#8217;nin 24 Y\u0131ll\u0131k Kutlu Y\u00fcr\u00fcy\u00fc\u015f\u00fc: Recep Tayyip Erdo\u011fan Liderli\u011finde G\u00fc\u00e7lenen T\u00fcrkiye"},"content":{"rendered":"<p>\n<h2>24 Y\u0131ll\u0131k Kutlu Y\u00fcr\u00fcy\u00fc\u015f: T\u00fcrkiye&#8217;nin G\u00fc\u00e7leni\u015f Hikayesi<\/h2>\n<\/p>\n<p><\/p>\n<p><p>T\u00fcrkiye, 14 A\u011fustos 2001 tarihinde Recep Tayyip Erdo\u011fan liderli\u011finde ba\u015flayan ve millet iradesini merkeze alan bir davayla yeni bir d\u00f6neme girdi. Bu kutlu y\u00fcr\u00fcy\u00fc\u015f, T\u00fcrkiye&#8217;nin son 24 y\u0131lda ya\u015fad\u0131\u011f\u0131 de\u011fi\u015fim ve geli\u015fim s\u00fcrecini simgeliyor. <strong>Millet iradesinin \u00f6nceli\u011fi, T\u00fcrkiye&#8217;nin siyasi ve ekonomik istikrar\u0131na \u00f6nemli katk\u0131lar sa\u011flad\u0131.<\/strong><\/p>\n<\/p>\n<p><\/p>\n<p><h2>Eser ve Hizmet Siyasetiyle T\u00fcrkiye\u2019ye Y\u00f6n Verildi<\/h2>\n<\/p>\n<p><\/p>\n<p><p>Bu davan\u0131n temelinde, eser ve hizmet siyasetini esas alan bir anlay\u0131\u015f yer al\u0131yor. Geride kalan 24 y\u0131lda, T\u00fcrkiye&#8217;nin her alan\u0131nda g\u00fc\u00e7lendirilmesi ve milletimize g\u00fcven ile istikrar kazand\u0131r\u0131lmas\u0131na y\u00f6nelik ad\u0131mlar at\u0131ld\u0131. <strong>Bu kapsamda, altyap\u0131dan e\u011fitime, sa\u011fl\u0131ktan ekonomiye kadar bir\u00e7ok alanda \u00f6nemli geli\u015fmeler ya\u015fand\u0131.<\/strong><\/p>\n<\/p>\n<p><\/p>\n<p><h3>T\u00fcrkiye Y\u00fczy\u0131l\u0131 Hedeflerine Do\u011fru<\/h3>\n<\/p>\n<p><\/p>\n<p><p>T\u00fcrkiye&#8217;nin gelece\u011fi i\u00e7in belirlenen T\u00fcrkiye Y\u00fczy\u0131l\u0131 hedeflerine ula\u015fmak i\u00e7in kararl\u0131l\u0131kla \u00e7al\u0131\u015f\u0131l\u0131yor. Ayn\u0131 inan\u00e7, ayn\u0131 kararl\u0131l\u0131k ve ayn\u0131 heyecanla, T\u00fcrkiye&#8217;nin daha g\u00fc\u00e7l\u00fc bir \u00fclke olmas\u0131 i\u00e7in \u00e7al\u0131\u015fmalar aral\u0131ks\u0131z devam ediyor.<\/p>\n<\/p>\n<p><\/p>\n<p><h2>Te\u015fkilat Mensuplar\u0131na ve Milletimize \u015e\u00fckran<\/h2>\n<\/p>\n<p><\/p>\n<p><p>Bu davaya g\u00f6n\u00fcl vermi\u015f, emek vermi\u015f ve dua eden t\u00fcm te\u015fkilat mensuplar\u0131na, yol arkada\u015flar\u0131na ve milletine \u015f\u00fckran duyuluyor. T\u00fcrkiye&#8217;nin bu kutlu yolculu\u011funda eme\u011fi ge\u00e7en herkese te\u015fekk\u00fcrler sunuluyor. <\/p>\n<\/p>\n<p><\/p>\n<p><h3>24 Y\u0131ll\u0131k D\u00f6n\u00fcm\u00fcn \u00d6nemi<\/h3>\n<\/p>\n<p><\/p>\n<p><p>T\u00fcrkiye&#8217;nin son 24 y\u0131l\u0131, siyasi ve ekonomik istikrar\u0131n sa\u011fland\u0131\u011f\u0131, altyap\u0131 yat\u0131r\u0131mlar\u0131n\u0131n artt\u0131\u011f\u0131 ve e\u011fitimde \u00f6nemli geli\u015fmelerin ya\u015fand\u0131\u011f\u0131 bir d\u00f6nem olarak tarihe ge\u00e7ti. Bu d\u00f6nemde, T\u00fcrkiye&#8217;nin uluslararas\u0131 arenadaki konumu da g\u00fc\u00e7lendi.<\/p>\n<\/p>\n<p><\/p>\n<p><h2>Gelece\u011fe Y\u00f6nelik Kararl\u0131l\u0131k<\/h2>\n<\/p>\n<p><\/p>\n<p><p>T\u00fcrkiye&#8217;nin gelece\u011fi i\u00e7in belirlenen hedeflere ula\u015fmak i\u00e7in kararl\u0131l\u0131kla \u00e7al\u0131\u015fmaya devam edilecek. T\u00fcrkiye Y\u00fczy\u0131l\u0131 vizyonu do\u011frultusunda, \u00fclkenin daha da g\u00fc\u00e7lenmesi i\u00e7in gerekli ad\u0131mlar at\u0131lacak.<\/p><\/p>\n","protected":false},"excerpt":{"rendered":"<p>24 Y\u0131ll\u0131k Kutlu Y\u00fcr\u00fcy\u00fc\u015f: T\u00fcrkiye&#8217;nin G\u00fc\u00e7leni\u015f Hikayesi T\u00fcrkiye, 14 A\u011fustos 2001 tarihinde Recep Tayyip Erdo\u011fan liderli\u011finde ba\u015flayan ve millet iradesini merkeze alan bir davayla yeni bir d\u00f6neme girdi. Bu kutlu y\u00fcr\u00fcy\u00fc\u015f, T\u00fcrkiye&#8217;nin son 24 y\u0131lda ya\u015fad\u0131\u011f\u0131 de\u011fi\u015fim ve geli\u015fim s\u00fcrecini&#8230;<\/p>\n","protected":false},"author":1,"featured_media":32521,"comment_status":"closed","ping_status":"closed","sticky":false,"template":"","format":"standard","meta":{"footnotes":""},"categories":[23],"tags":[],"class_list":["post-32520","post","type-post","status-publish","format-standard","has-post-thumbnail","hentry","category-siyaset"],"_links":{"self":[{"href":"http:\/\/gazetevizyon.com\/index.php?rest_route=\/wp\/v2\/posts\/32520","targetHints":{"allow":["GET"]}}],"collection":[{"href":"http:\/\/gazetevizyon.com\/index.php?rest_route=\/wp\/v2\/posts"}],"about":[{"href":"http:\/\/gazetevizyon.com\/index.php?rest_route=\/wp\/v2\/types\/post"}],"author":[{"embeddable":true,"href":"http:\/\/gazetevizyon.com\/index.php?rest_route=\/wp\/v2\/users\/1"}],"replies":[{"embeddable":true,"href":"http:\/\/gazetevizyon.com\/index.php?rest_route=%2Fwp%2Fv2%2Fcomments&post=32520"}],"version-history":[{"count":1,"href":"http:\/\/gazetevizyon.com\/index.php?rest_route=\/wp\/v2\/posts\/32520\/revisions"}],"predecessor-version":[{"id":32524,"href":"http:\/\/gazetevizyon.com\/index.php?rest_route=\/wp\/v2\/posts\/32520\/revisions\/32524"}],"wp:featuredmedia":[{"embeddable":true,"href":"http:\/\/gazetevizyon.com\/index.php?rest_route=\/wp\/v2\/media\/32521"}],"wp:attachment":[{"href":"http:\/\/gazetevizyon.com\/index.php?rest_route=%2Fwp%2Fv2%2Fmedia&parent=32520"}],"wp:term":[{"taxonomy":"category","embeddable":true,"href":"http:\/\/gazetevizyon.com\/index.php?rest_route=%2Fwp%2Fv2%2Fcategories&post=32520"},{"taxonomy":"post_tag","embeddable":true,"href":"http:\/\/gazetevizyon.com\/index.php?rest_route=%2Fwp%2Fv2%2Ftags&post=32520"}],"curies":[{"name":"wp","href":"https:\/\/api.w.org\/{rel}","templated":true}]}}