{"id":32587,"date":"2025-08-16T03:32:51","date_gmt":"2025-08-16T03:32:51","guid":{"rendered":"http:\/\/gazetevizyon.com\/?p=32587"},"modified":"2025-08-16T03:32:51","modified_gmt":"2025-08-16T03:32:51","slug":"chpli-baskanlar-bigadicte-denizin-sunnet-dugunune-katildi","status":"publish","type":"post","link":"http:\/\/gazetevizyon.com\/?p=32587","title":{"rendered":"CHP&#8217;li Ba\u015fkanlar, Bigadi\u00e7&#8217;te Deniz&#8217;in S\u00fcnnet D\u00fc\u011f\u00fcn\u00fcne Kat\u0131ld\u0131"},"content":{"rendered":"<p>\n<h2>CHP Delegeleri, Bigadi\u00e7&#8217;te Mutlu Anlara Ortak Oldu<\/h2>\n<\/p>\n<p><\/p>\n<p><p><strong>CHP Bal\u0131kesir \u0130l Ba\u015fkanl\u0131\u011f\u0131<\/strong>, Bigadi\u00e7 \u0130l\u00e7e Y\u00f6neticisi \u0130dris Bozdemir&#8217;in o\u011flu Deniz&#8217;in s\u00fcnnet d\u00fc\u011f\u00fcn\u00fcnde haz\u0131r bulundu. Etkinlik, aile yak\u0131nlar\u0131 ve sevenlerinin kat\u0131l\u0131m\u0131yla ger\u00e7ekle\u015fti.<\/p>\n<\/p>\n<p><\/p>\n<p><h3>S\u00fcnnet T\u00f6reniyle Mutlu Anlar Ya\u015fand\u0131<\/h3>\n<\/p>\n<p><\/p>\n<p><p>CHP heyeti, <strong>Bigadi\u00e7&#8217;teki<\/strong> s\u00fcnnet t\u00f6reninde aileye tebriklerini iletti. \u0130dris Bozdemir ve ailesi, misafirlerini a\u011f\u0131rlamaktan mutluluk duydu. T\u00f6rende, Deniz&#8217;in sa\u011fl\u0131kl\u0131, mutlu ve ba\u015far\u0131l\u0131 bir hayat s\u00fcrmesi i\u00e7in dilekler dilendi.<\/p>\n<\/p>\n<p><\/p>\n<p><h3>Deniz&#8217;e Hay\u0131rl\u0131 Bir Gelecek \u0130\u00e7in Dualar<\/h3>\n<\/p>\n<p><\/p>\n<p><p>CHP&#8217;li yetkililer, <strong>Deniz&#8217;in<\/strong> hayat yolculu\u011funun sa\u011fl\u0131k, mutluluk ve g\u00fczel an\u0131larla dolu olmas\u0131n\u0131 diledi. Etkinlikte, geleneksel s\u00fcnnet t\u00f6renine uygun uygulamalar ger\u00e7ekle\u015ftirildi.<\/p>\n<\/p>\n<p><\/p>\n<p><h3>Aileye ve Sevenlerine Tebrikler<\/h3>\n<\/p>\n<p><\/p>\n<p><p>CHP Bal\u0131kesir \u0130l Ba\u015fkanl\u0131\u011f\u0131, aileye ve sevenlerine <strong>Deniz&#8217;in<\/strong> bu mutlu g\u00fcn\u00fcnde kendilerini tebrik etti. T\u00f6rende, bol sohbet ve ne\u015feli anlar ya\u015fand\u0131.<\/p><\/p>\n","protected":false},"excerpt":{"rendered":"<p>CHP Delegeleri, Bigadi\u00e7&#8217;te Mutlu Anlara Ortak Oldu CHP Bal\u0131kesir \u0130l Ba\u015fkanl\u0131\u011f\u0131, Bigadi\u00e7 \u0130l\u00e7e Y\u00f6neticisi \u0130dris Bozdemir&#8217;in o\u011flu Deniz&#8217;in s\u00fcnnet d\u00fc\u011f\u00fcn\u00fcnde haz\u0131r bulundu. Etkinlik, aile yak\u0131nlar\u0131 ve sevenlerinin kat\u0131l\u0131m\u0131yla ger\u00e7ekle\u015fti. S\u00fcnnet T\u00f6reniyle Mutlu Anlar Ya\u015fand\u0131 CHP heyeti, Bigadi\u00e7&#8217;teki s\u00fcnnet t\u00f6reninde aileye&#8230;<\/p>\n","protected":false},"author":1,"featured_media":32588,"comment_status":"closed","ping_status":"closed","sticky":false,"template":"","format":"standard","meta":{"footnotes":""},"categories":[23],"tags":[],"class_list":["post-32587","post","type-post","status-publish","format-standard","has-post-thumbnail","hentry","category-siyaset"],"_links":{"self":[{"href":"http:\/\/gazetevizyon.com\/index.php?rest_route=\/wp\/v2\/posts\/32587","targetHints":{"allow":["GET"]}}],"collection":[{"href":"http:\/\/gazetevizyon.com\/index.php?rest_route=\/wp\/v2\/posts"}],"about":[{"href":"http:\/\/gazetevizyon.com\/index.php?rest_route=\/wp\/v2\/types\/post"}],"author":[{"embeddable":true,"href":"http:\/\/gazetevizyon.com\/index.php?rest_route=\/wp\/v2\/users\/1"}],"replies":[{"embeddable":true,"href":"http:\/\/gazetevizyon.com\/index.php?rest_route=%2Fwp%2Fv2%2Fcomments&post=32587"}],"version-history":[{"count":1,"href":"http:\/\/gazetevizyon.com\/index.php?rest_route=\/wp\/v2\/posts\/32587\/revisions"}],"predecessor-version":[{"id":32592,"href":"http:\/\/gazetevizyon.com\/index.php?rest_route=\/wp\/v2\/posts\/32587\/revisions\/32592"}],"wp:featuredmedia":[{"embeddable":true,"href":"http:\/\/gazetevizyon.com\/index.php?rest_route=\/wp\/v2\/media\/32588"}],"wp:attachment":[{"href":"http:\/\/gazetevizyon.com\/index.php?rest_route=%2Fwp%2Fv2%2Fmedia&parent=32587"}],"wp:term":[{"taxonomy":"category","embeddable":true,"href":"http:\/\/gazetevizyon.com\/index.php?rest_route=%2Fwp%2Fv2%2Fcategories&post=32587"},{"taxonomy":"post_tag","embeddable":true,"href":"http:\/\/gazetevizyon.com\/index.php?rest_route=%2Fwp%2Fv2%2Ftags&post=32587"}],"curies":[{"name":"wp","href":"https:\/\/api.w.org\/{rel}","templated":true}]}}