{"id":32625,"date":"2025-08-17T04:39:39","date_gmt":"2025-08-17T04:39:39","guid":{"rendered":"http:\/\/gazetevizyon.com\/?p=32625"},"modified":"2025-08-17T04:39:39","modified_gmt":"2025-08-17T04:39:39","slug":"balikesir-buyuksehir-belediyesi-depreme-dayanikli-kent-calismalarina-devam-ediyor","status":"publish","type":"post","link":"http:\/\/gazetevizyon.com\/?p=32625","title":{"rendered":"Bal\u0131kesir B\u00fcy\u00fck\u015fehir Belediyesi Depreme Dayan\u0131kl\u0131 Kent \u00c7al\u0131\u015fmalar\u0131na Devam Ediyor"},"content":{"rendered":"<p>\n<h2>Depremin \u0130zleri Bal\u0131kesir&#8217;de Siliniyor: Dayan\u0131kl\u0131 Kent Hedefine Ad\u0131m Ad\u0131m<\/h2>\n<\/p>\n<p><\/p>\n<p><p><strong>Bal\u0131kesir B\u00fcy\u00fck\u015fehir Belediyesi<\/strong>, 17 A\u011fustos 1999&#8217;da ya\u015fanan Marmara Depremi&#8217;nin ac\u0131s\u0131n\u0131 y\u00fcre\u011finde ta\u015f\u0131yor. Depremin \u00fczerinden 26 y\u0131l ge\u00e7mesine ra\u011fmen, vatanda\u015flar\u0131n ac\u0131s\u0131 hala taze. Belediye Ba\u015fkan\u0131 Ahmet Ak\u0131n, hayat\u0131n\u0131 kaybedenleri rahmetle anarken, gelecekte benzer ac\u0131lar\u0131n ya\u015fanmamas\u0131 i\u00e7in depreme dayan\u0131kl\u0131 bir kent olu\u015fturma \u00e7al\u0131\u015fmalar\u0131na aral\u0131ks\u0131z devam ettiklerini belirtti.<\/p>\n<\/p>\n<p><\/p>\n<p><h3>Marmara Depremi&#8217;nin Y\u0131llar\u0131<\/h3>\n<\/p>\n<p><\/p>\n<p><p>17 A\u011fustos 1999&#8217;da meydana gelen Marmara Depremi, T\u00fcrkiye&#8217;nin en b\u00fcy\u00fck felaketlerinden biri olarak tarihe ge\u00e7ti. Bal\u0131kesir de bu depremden etkilenen illerden biri oldu. Depremin ard\u0131ndan B\u00fcy\u00fck\u015fehir Belediyesi, vatanda\u015flar\u0131n yaralar\u0131n\u0131 sarmak ve gelece\u011fe g\u00fcvenle bakabilmek i\u00e7in \u00e7e\u015fitli \u00e7al\u0131\u015fmalar ba\u015flatt\u0131.<\/p>\n<\/p>\n<p><\/p>\n<p><h3>Depreme Dayan\u0131kl\u0131 Kent \u00c7al\u0131\u015fmalar\u0131<\/h3>\n<\/p>\n<p><\/p>\n<p><p>Bal\u0131kesir B\u00fcy\u00fck\u015fehir Belediyesi, depreme dayan\u0131kl\u0131 bir kent olu\u015fturmak i\u00e7in \u00e7e\u015fitli ad\u0131mlar at\u0131yor. Bu \u00e7al\u0131\u015fmalar kapsam\u0131nda:<\/p>\n<p><\/p>\n<ul>  <\/p>\n<ul>\n<li>Binalar\u0131n g\u00fc\u00e7lendirilmesi<\/li>\n<p>  <\/p>\n<li>Yeni konut projelerinde depreme dayan\u0131kl\u0131 tekniklerin kullan\u0131lmas\u0131<\/li>\n<p>  <\/p>\n<li>\u0130mar planlar\u0131n\u0131n deprem risklerini g\u00f6z \u00f6n\u00fcnde bulundurarak d\u00fczenlenmesi<\/li>\n<p>  <\/p>\n<li>Vatanda\u015flar\u0131 deprem konusunda bilin\u00e7lendirme \u00e7al\u0131\u015fmalar\u0131<\/li>\n<\/ul>\n<p><\/ul>\n<\/p>\n<p><\/p>\n<p><h3>Ba\u015fkan Ak\u0131n&#8217;dan G\u00fcven Vurgusu<\/h3>\n<\/p>\n<p><\/p>\n<p><p>Belediye Ba\u015fkan\u0131 Ahmet Ak\u0131n, depremle m\u00fccadelede kararl\u0131l\u0131klar\u0131n\u0131 vurgulad\u0131. \u201cB\u00f6yle ac\u0131lar ya\u015famamak ve depreme dayan\u0131kl\u0131 bir kent olu\u015fturmak ad\u0131na \u00e7ok \u00e7al\u0131\u015f\u0131yoruz, \u00e7al\u0131\u015fmaya da devam edece\u011fiz.\u201d ifadelerini kulland\u0131. Ak\u0131n, vatanda\u015flara g\u00fcven verdi ve depremle m\u00fccadelede belediyenin her zaman en \u00f6n saflarda yer alaca\u011f\u0131n\u0131 belirtti.<\/p>\n<\/p>\n<p><\/p>\n<p><h3>Bal\u0131kesir&#8217;in Gelece\u011fi<\/h3>\n<\/p>\n<p><\/p>\n<p><p>Bal\u0131kesir B\u00fcy\u00fck\u015fehir Belediyesi&#8217;nin depreme dayan\u0131kl\u0131 kent \u00e7al\u0131\u015fmalar\u0131, \u015fehrin gelece\u011fi i\u00e7in \u00f6nemli bir yat\u0131r\u0131m. Bu \u00e7al\u0131\u015fmalar sayesinde, gelecekte ya\u015fanabilecek depremlerin olumsuz etkileri en aza indirilecek ve vatanda\u015flar\u0131n g\u00fcvenli\u011fi sa\u011flanacak.<\/p><\/p>\n","protected":false},"excerpt":{"rendered":"<p>Depremin \u0130zleri Bal\u0131kesir&#8217;de Siliniyor: Dayan\u0131kl\u0131 Kent Hedefine Ad\u0131m Ad\u0131m Bal\u0131kesir B\u00fcy\u00fck\u015fehir Belediyesi, 17 A\u011fustos 1999&#8217;da ya\u015fanan Marmara Depremi&#8217;nin ac\u0131s\u0131n\u0131 y\u00fcre\u011finde ta\u015f\u0131yor. Depremin \u00fczerinden 26 y\u0131l ge\u00e7mesine ra\u011fmen, vatanda\u015flar\u0131n ac\u0131s\u0131 hala taze. Belediye Ba\u015fkan\u0131 Ahmet Ak\u0131n, hayat\u0131n\u0131 kaybedenleri rahmetle anarken, gelecekte&#8230;<\/p>\n","protected":false},"author":1,"featured_media":32626,"comment_status":"closed","ping_status":"closed","sticky":false,"template":"","format":"standard","meta":{"footnotes":""},"categories":[36],"tags":[],"class_list":["post-32625","post","type-post","status-publish","format-standard","has-post-thumbnail","hentry","category-manset"],"_links":{"self":[{"href":"http:\/\/gazetevizyon.com\/index.php?rest_route=\/wp\/v2\/posts\/32625","targetHints":{"allow":["GET"]}}],"collection":[{"href":"http:\/\/gazetevizyon.com\/index.php?rest_route=\/wp\/v2\/posts"}],"about":[{"href":"http:\/\/gazetevizyon.com\/index.php?rest_route=\/wp\/v2\/types\/post"}],"author":[{"embeddable":true,"href":"http:\/\/gazetevizyon.com\/index.php?rest_route=\/wp\/v2\/users\/1"}],"replies":[{"embeddable":true,"href":"http:\/\/gazetevizyon.com\/index.php?rest_route=%2Fwp%2Fv2%2Fcomments&post=32625"}],"version-history":[{"count":0,"href":"http:\/\/gazetevizyon.com\/index.php?rest_route=\/wp\/v2\/posts\/32625\/revisions"}],"wp:featuredmedia":[{"embeddable":true,"href":"http:\/\/gazetevizyon.com\/index.php?rest_route=\/wp\/v2\/media\/32626"}],"wp:attachment":[{"href":"http:\/\/gazetevizyon.com\/index.php?rest_route=%2Fwp%2Fv2%2Fmedia&parent=32625"}],"wp:term":[{"taxonomy":"category","embeddable":true,"href":"http:\/\/gazetevizyon.com\/index.php?rest_route=%2Fwp%2Fv2%2Fcategories&post=32625"},{"taxonomy":"post_tag","embeddable":true,"href":"http:\/\/gazetevizyon.com\/index.php?rest_route=%2Fwp%2Fv2%2Ftags&post=32625"}],"curies":[{"name":"wp","href":"https:\/\/api.w.org\/{rel}","templated":true}]}}