{"id":32629,"date":"2025-08-17T14:03:23","date_gmt":"2025-08-17T14:03:23","guid":{"rendered":"http:\/\/gazetevizyon.com\/?p=32629"},"modified":"2025-08-17T14:03:23","modified_gmt":"2025-08-17T14:03:23","slug":"balikesir-sindirgida-depremzede-destekleri-dayanisma-ile-iyilesme-sureci","status":"publish","type":"post","link":"http:\/\/gazetevizyon.com\/?p=32629","title":{"rendered":"Bal\u0131kesir S\u0131nd\u0131rg\u0131&#8217;da Depremzede Destekleri: Dayan\u0131\u015fma ile \u0130yile\u015fme S\u00fcreci"},"content":{"rendered":"<p>\n<h2>S\u0131nd\u0131rg\u0131&#8217;da Depremzedelere Destek Ziyareti<\/h2>\n<\/p>\n<p><\/p>\n<p><p>Bal\u0131kesir B\u00fcy\u00fck\u015fehir Belediyesi, depremden etkilenen <strong>S\u0131nd\u0131rg\u0131<\/strong> il\u00e7esi sakinlerinin yan\u0131nda oldu\u011funu g\u00f6stermek amac\u0131yla bir dizi ziyaret ger\u00e7ekle\u015ftirdi. Bu ziyaretlerde, b\u00f6lge halk\u0131n\u0131n ihtiya\u00e7lar\u0131n\u0131n kar\u015f\u0131lanmas\u0131 ve depremin yaratt\u0131\u011f\u0131 olumsuz etkilerin en aza indirilmesi i\u00e7in \u00e7al\u0131\u015fmalar y\u00fcr\u00fct\u00fcl\u00fcyor. <\/p>\n<\/p>\n<p><\/p>\n<p><h3>CHP&#8217;li Vekillerden S\u0131nd\u0131rg\u0131&#8217;ya Moral Ziyareti<\/h3>\n<\/p>\n<p><\/p>\n<p><p>CHP Genel Ba\u015fkan Yard\u0131mc\u0131s\u0131 ve Milletvekili Ensar Aytekin, Milletvekili Serkan Sar\u0131, \u0130l Ba\u015fkan\u0131 Erden K\u00f6yba\u015f\u0131, S\u0131nd\u0131rg\u0131 \u0130l\u00e7e Ba\u015fkan\u0131 Ahmet Alg\u0131n ve S\u0131nd\u0131rg\u0131 Belediye Ba\u015fkan\u0131 Serkan Sak ile birlikte deprem b\u00f6lgesine gittiler. Ziyarette, depremden etkilenen <strong>hem\u015fehriler<\/strong> ile bir araya gelinerek, b\u00f6lgedeki son durum hakk\u0131nda bilgi al\u0131nd\u0131 ve moral deste\u011fi verildi.<\/p>\n<\/p>\n<p><\/p>\n<p><h3>Dayan\u0131\u015fma ve Birlik Vurgusu<\/h3>\n<\/p>\n<p><\/p>\n<p><p>Bal\u0131kesir B\u00fcy\u00fck\u015fehir Belediyesi Ba\u015fkan\u0131 Ahmet Ak\u0131n, b\u00f6lgede dayan\u0131\u015fma ve birlik i\u00e7erisinde hareket etmenin \u00f6nemini vurgulad\u0131. Yap\u0131lan a\u00e7\u0131klamada, <strong>S\u0131nd\u0131rg\u0131<\/strong>\u2019n\u0131n depremin yaralar\u0131n\u0131 birlikte saraca\u011f\u0131 ve b\u00f6lgenin yeniden aya\u011fa kalkmas\u0131 i\u00e7in gerekli t\u00fcm desteklerin sa\u011flanaca\u011f\u0131 belirtildi. <\/p>\n<\/p>\n<p><\/p>\n<p><h3>Deprem Sonras\u0131 Yap\u0131lan \u00c7al\u0131\u015fmalar<\/h3>\n<\/p>\n<p><\/p>\n<p><p>Deprem sonras\u0131 b\u00f6lgede \u015fu ana kadar yap\u0131lan \u00e7al\u0131\u015fmalar aras\u0131nda:<\/p>\n<p><\/p>\n<ul>  <\/p>\n<ul>\n<li>Hasar tespit \u00e7al\u0131\u015fmalar\u0131<\/li>\n<p>  <\/p>\n<li>Ge\u00e7ici bar\u0131nma alanlar\u0131n\u0131n d\u00fczenlenmesi<\/li>\n<p>  <\/p>\n<li>G\u0131da ve temizlik malzemesi yard\u0131mlar\u0131<\/li>\n<p>  <\/p>\n<li>Psikolojik destek hizmetleri<\/li>\n<\/ul>\n<p><\/ul>\n<\/p>\n<p><\/p>\n<p><h3>S\u0131nd\u0131rg\u0131&#8217;n\u0131n \u0130yile\u015fme S\u00fcreci<\/h3>\n<\/p>\n<p><\/p>\n<p><p>B\u00f6lge halk\u0131n\u0131n ihtiya\u00e7lar\u0131n\u0131n kar\u015f\u0131lanmas\u0131 ve <strong>iyile\u015fme<\/strong> s\u00fcrecinin h\u0131zland\u0131r\u0131lmas\u0131 i\u00e7in \u00e7al\u0131\u015fmalar devam ediyor. Bal\u0131kesir B\u00fcy\u00fck\u015fehir Belediyesi, S\u0131nd\u0131rg\u0131\u2019n\u0131n en k\u0131sa s\u00fcrede eski haline d\u00f6nmesi i\u00e7in gerekli t\u00fcm imkanlar\u0131 seferber etti\u011fini a\u00e7\u0131klad\u0131.<\/p><\/p>\n","protected":false},"excerpt":{"rendered":"<p>S\u0131nd\u0131rg\u0131&#8217;da Depremzedelere Destek Ziyareti Bal\u0131kesir B\u00fcy\u00fck\u015fehir Belediyesi, depremden etkilenen S\u0131nd\u0131rg\u0131 il\u00e7esi sakinlerinin yan\u0131nda oldu\u011funu g\u00f6stermek amac\u0131yla bir dizi ziyaret ger\u00e7ekle\u015ftirdi. Bu ziyaretlerde, b\u00f6lge halk\u0131n\u0131n ihtiya\u00e7lar\u0131n\u0131n kar\u015f\u0131lanmas\u0131 ve depremin yaratt\u0131\u011f\u0131 olumsuz etkilerin en aza indirilmesi i\u00e7in \u00e7al\u0131\u015fmalar y\u00fcr\u00fct\u00fcl\u00fcyor. CHP&#8217;li Vekillerden S\u0131nd\u0131rg\u0131&#8217;ya&#8230;<\/p>\n","protected":false},"author":1,"featured_media":32630,"comment_status":"closed","ping_status":"closed","sticky":false,"template":"","format":"standard","meta":{"footnotes":""},"categories":[36],"tags":[],"class_list":["post-32629","post","type-post","status-publish","format-standard","has-post-thumbnail","hentry","category-manset"],"_links":{"self":[{"href":"http:\/\/gazetevizyon.com\/index.php?rest_route=\/wp\/v2\/posts\/32629","targetHints":{"allow":["GET"]}}],"collection":[{"href":"http:\/\/gazetevizyon.com\/index.php?rest_route=\/wp\/v2\/posts"}],"about":[{"href":"http:\/\/gazetevizyon.com\/index.php?rest_route=\/wp\/v2\/types\/post"}],"author":[{"embeddable":true,"href":"http:\/\/gazetevizyon.com\/index.php?rest_route=\/wp\/v2\/users\/1"}],"replies":[{"embeddable":true,"href":"http:\/\/gazetevizyon.com\/index.php?rest_route=%2Fwp%2Fv2%2Fcomments&post=32629"}],"version-history":[{"count":1,"href":"http:\/\/gazetevizyon.com\/index.php?rest_route=\/wp\/v2\/posts\/32629\/revisions"}],"predecessor-version":[{"id":32644,"href":"http:\/\/gazetevizyon.com\/index.php?rest_route=\/wp\/v2\/posts\/32629\/revisions\/32644"}],"wp:featuredmedia":[{"embeddable":true,"href":"http:\/\/gazetevizyon.com\/index.php?rest_route=\/wp\/v2\/media\/32630"}],"wp:attachment":[{"href":"http:\/\/gazetevizyon.com\/index.php?rest_route=%2Fwp%2Fv2%2Fmedia&parent=32629"}],"wp:term":[{"taxonomy":"category","embeddable":true,"href":"http:\/\/gazetevizyon.com\/index.php?rest_route=%2Fwp%2Fv2%2Fcategories&post=32629"},{"taxonomy":"post_tag","embeddable":true,"href":"http:\/\/gazetevizyon.com\/index.php?rest_route=%2Fwp%2Fv2%2Ftags&post=32629"}],"curies":[{"name":"wp","href":"https:\/\/api.w.org\/{rel}","templated":true}]}}