{"id":32726,"date":"2025-08-18T20:39:26","date_gmt":"2025-08-18T20:39:26","guid":{"rendered":"http:\/\/gazetevizyon.com\/?p=32726"},"modified":"2025-08-18T20:39:26","modified_gmt":"2025-08-18T20:39:26","slug":"balikesir-sindirgida-deprem-sonrasi-koordinasyon-toplantisi-duzenlendi-2","status":"publish","type":"post","link":"http:\/\/gazetevizyon.com\/?p=32726","title":{"rendered":"Bal\u0131kesir S\u0131nd\u0131rg\u0131&#8217;da Deprem Sonras\u0131 Koordinasyon Toplant\u0131s\u0131 D\u00fczenlendi"},"content":{"rendered":"<p>\n<h2>Bal\u0131kesir S\u0131nd\u0131rg\u0131&#8217;da Deprem Sonras\u0131 Koordinasyon Toplant\u0131s\u0131 Yap\u0131ld\u0131<\/h2>\n<\/p>\n<p><\/p>\n<p><p><strong>Bal\u0131kesir<\/strong> Valisi \u0130smail Ustao\u011flu ba\u015fkanl\u0131\u011f\u0131nda, <strong>S\u0131nd\u0131rg\u0131<\/strong> il\u00e7esinde meydana gelen depremin ard\u0131ndan y\u00fcr\u00fct\u00fclen \u00e7al\u0131\u015fmalar de\u011ferlendirildi. Toplant\u0131da, vatanda\u015flar\u0131n ihtiya\u00e7lar\u0131n\u0131n kar\u015f\u0131lanmas\u0131na y\u00f6nelik faaliyetler de g\u00f6zden ge\u00e7irildi.<\/p>\n<\/p>\n<p><\/p>\n<p><h3>Deprem Sonras\u0131 Y\u00fcr\u00fct\u00fclen \u00c7al\u0131\u015fmalar De\u011ferlendirildi<\/h3>\n<\/p>\n<p><\/p>\n<p><p>Vali Ustao\u011flu&#8217;nun ba\u015fkanl\u0131\u011f\u0131nda yap\u0131lan toplant\u0131ya, ilgili kurum temsilcileri kat\u0131ld\u0131. Bu toplant\u0131, depremden etkilenen <strong>S\u0131nd\u0131rg\u0131<\/strong>&#8216;daki durumun kapsaml\u0131 bir \u015fekilde de\u011ferlendirilmesi amac\u0131yla d\u00fczenlendi. <\/p>\n<\/p>\n<p><\/p>\n<p><h3>Vatanda\u015flar\u0131n \u0130htiya\u00e7lar\u0131 \u00d6ncelikli<\/h3>\n<\/p>\n<p><\/p>\n<p><p>Toplant\u0131n\u0131n temel amac\u0131, deprem sonras\u0131 olu\u015fan ihtiya\u00e7lar\u0131n kar\u015f\u0131lanmas\u0131 i\u00e7in y\u00fcr\u00fct\u00fclen \u00e7al\u0131\u015fmalar\u0131n etkinli\u011fini belirlemek ve eksiklikleri gidermekti. Bu kapsamda, vatanda\u015flara ula\u015ft\u0131r\u0131lan yard\u0131m malzemeleri, bar\u0131nma ko\u015fullar\u0131 ve sa\u011fl\u0131k hizmetleri gibi konular ele al\u0131nd\u0131.<\/p>\n<\/p>\n<p><\/p>\n<p><h3>Toplant\u0131da Ele Al\u0131nan Ba\u015fl\u0131ca Konular<\/h3>\n<\/p>\n<p><\/p>\n<p><ul>  <\/p>\n<ul>\n<li><strong>Yard\u0131m \u00c7al\u0131\u015fmalar\u0131:<\/strong> Vatanda\u015flara ula\u015ft\u0131r\u0131lan erzak, giyim ve di\u011fer yard\u0131m malzemelerinin da\u011f\u0131t\u0131m s\u00fcre\u00e7leri de\u011ferlendirildi.<\/li>\n<p>  <\/p>\n<li><strong>Bar\u0131nma:<\/strong> Depremden etkilenenlerin bar\u0131nma ihtiya\u00e7lar\u0131n\u0131n kar\u015f\u0131lanmas\u0131 i\u00e7in y\u00fcr\u00fct\u00fclen \u00e7al\u0131\u015fmalar g\u00f6zden ge\u00e7irildi.<\/li>\n<p>  <\/p>\n<li><strong>Sa\u011fl\u0131k Hizmetleri:<\/strong> Depremzedelerin sa\u011fl\u0131k hizmetlerine eri\u015fiminin kolayla\u015ft\u0131r\u0131lmas\u0131 i\u00e7in at\u0131lan ad\u0131mlar tart\u0131\u015f\u0131ld\u0131.<\/li>\n<p>  <\/p>\n<li><strong>Psikolojik Destek:<\/strong> Depremden etkilenenlerin psikolojik ihtiya\u00e7lar\u0131n\u0131n kar\u015f\u0131lanmas\u0131 i\u00e7in verilen destekler de\u011ferlendirildi.<\/li>\n<\/ul>\n<p><\/ul>\n<\/p>\n<p><\/p>\n<p><p>Vali Ustao\u011flu, toplant\u0131da kurumlar aras\u0131 i\u015fbirli\u011finin \u00f6nemini vurgulayarak, vatanda\u015flar\u0131n ihtiya\u00e7lar\u0131n\u0131n en h\u0131zl\u0131 ve etkili \u015fekilde kar\u015f\u0131lanmas\u0131 i\u00e7in t\u00fcm kurumlar\u0131n koordineli \u00e7al\u0131\u015fmaya devam etmelerini istedi. <\/p><\/p>\n","protected":false},"excerpt":{"rendered":"<p>Bal\u0131kesir S\u0131nd\u0131rg\u0131&#8217;da Deprem Sonras\u0131 Koordinasyon Toplant\u0131s\u0131 Yap\u0131ld\u0131 Bal\u0131kesir Valisi \u0130smail Ustao\u011flu ba\u015fkanl\u0131\u011f\u0131nda, S\u0131nd\u0131rg\u0131 il\u00e7esinde meydana gelen depremin ard\u0131ndan y\u00fcr\u00fct\u00fclen \u00e7al\u0131\u015fmalar de\u011ferlendirildi. Toplant\u0131da, vatanda\u015flar\u0131n ihtiya\u00e7lar\u0131n\u0131n kar\u015f\u0131lanmas\u0131na y\u00f6nelik faaliyetler de g\u00f6zden ge\u00e7irildi. Deprem Sonras\u0131 Y\u00fcr\u00fct\u00fclen \u00c7al\u0131\u015fmalar De\u011ferlendirildi Vali Ustao\u011flu&#8217;nun ba\u015fkanl\u0131\u011f\u0131nda yap\u0131lan toplant\u0131ya,&#8230;<\/p>\n","protected":false},"author":1,"featured_media":32727,"comment_status":"closed","ping_status":"closed","sticky":false,"template":"","format":"standard","meta":{"footnotes":""},"categories":[36],"tags":[],"class_list":["post-32726","post","type-post","status-publish","format-standard","has-post-thumbnail","hentry","category-manset"],"_links":{"self":[{"href":"http:\/\/gazetevizyon.com\/index.php?rest_route=\/wp\/v2\/posts\/32726","targetHints":{"allow":["GET"]}}],"collection":[{"href":"http:\/\/gazetevizyon.com\/index.php?rest_route=\/wp\/v2\/posts"}],"about":[{"href":"http:\/\/gazetevizyon.com\/index.php?rest_route=\/wp\/v2\/types\/post"}],"author":[{"embeddable":true,"href":"http:\/\/gazetevizyon.com\/index.php?rest_route=\/wp\/v2\/users\/1"}],"replies":[{"embeddable":true,"href":"http:\/\/gazetevizyon.com\/index.php?rest_route=%2Fwp%2Fv2%2Fcomments&post=32726"}],"version-history":[{"count":1,"href":"http:\/\/gazetevizyon.com\/index.php?rest_route=\/wp\/v2\/posts\/32726\/revisions"}],"predecessor-version":[{"id":32746,"href":"http:\/\/gazetevizyon.com\/index.php?rest_route=\/wp\/v2\/posts\/32726\/revisions\/32746"}],"wp:featuredmedia":[{"embeddable":true,"href":"http:\/\/gazetevizyon.com\/index.php?rest_route=\/wp\/v2\/media\/32727"}],"wp:attachment":[{"href":"http:\/\/gazetevizyon.com\/index.php?rest_route=%2Fwp%2Fv2%2Fmedia&parent=32726"}],"wp:term":[{"taxonomy":"category","embeddable":true,"href":"http:\/\/gazetevizyon.com\/index.php?rest_route=%2Fwp%2Fv2%2Fcategories&post=32726"},{"taxonomy":"post_tag","embeddable":true,"href":"http:\/\/gazetevizyon.com\/index.php?rest_route=%2Fwp%2Fv2%2Ftags&post=32726"}],"curies":[{"name":"wp","href":"https:\/\/api.w.org\/{rel}","templated":true}]}}