{"id":32730,"date":"2025-08-18T23:10:54","date_gmt":"2025-08-18T23:10:54","guid":{"rendered":"http:\/\/gazetevizyon.com\/?p=32730"},"modified":"2025-08-18T23:10:54","modified_gmt":"2025-08-18T23:10:54","slug":"ahmet-akindan-sindirgi-depremi-sonrasi-aciklama-devletimizle-ele-ele","status":"publish","type":"post","link":"http:\/\/gazetevizyon.com\/?p=32730","title":{"rendered":"Ahmet Ak\u0131n&#8217;dan S\u0131nd\u0131rg\u0131 Depremi Sonras\u0131 A\u00e7\u0131klama: &#8220;Devletimizle Ele Ele&#8221;"},"content":{"rendered":"<p>\n<h2>S\u0131nd\u0131rg\u0131 Depremi Sonras\u0131 Ahmet Ak\u0131n&#8217;dan \u00d6nemli A\u00e7\u0131klama<\/h2>\n<\/p>\n<p><\/p>\n<p>S\u0131nd\u0131rg\u0131 il\u00e7esinde ya\u015fanan deprem felaketinin ard\u0131ndan, yerel bas\u0131n\u0131n ve kamuoyunun merakla bekledi\u011fi Ahmet Ak\u0131n&#8217;dan a\u00e7\u0131klama geldi. Ak\u0131n, deprem s\u00fcreciyle ilgili de\u011ferlendirmelerini, Bal\u0131kesir B\u00fcy\u00fck\u015fehir Belediyesi&#8217;nde d\u00fczenlenen \u00f6zel bir bas\u0131n toplant\u0131s\u0131yla payla\u015ft\u0131.<\/p>\n<p><\/p>\n<p><h3>Deprem S\u00fcrecinde Devletle Birlikte \u00c7al\u0131\u015fma Vurgusu<\/h3>\n<\/p>\n<p><\/p>\n<p>Ahmet Ak\u0131n, depremle ilgili s\u00fcre\u00e7 y\u00f6netilirken <strong>devlet ricaliyle el ele, g\u00f6n\u00fcl g\u00f6n\u00fcle saha \u00e7al\u0131\u015fmalar\u0131 s\u00fcrd\u00fcrd\u00fc\u011f\u00fcn\u00fc<\/strong> belirtti. Muhalif veya serzeni\u015f i\u00e7eren tek bir c\u00fcmle kurmad\u0131\u011f\u0131n\u0131 vurgulayan Ak\u0131n, <strong>S\u0131nd\u0131rg\u0131&#8217;da ya\u015fanan deprem sonras\u0131 devletin deste\u011fiyle birlikte y\u00fcr\u00fct\u00fclen \u00e7al\u0131\u015fmalar\u0131n \u00f6nemine dikkat \u00e7ekti.<\/strong><\/p>\n<p><\/p>\n<p><h3>Yerel Bas\u0131na Y\u00f6nelik Ele\u015ftiriler ve Siyasi Gelece\u011fi<\/h3>\n<\/p>\n<p><\/p>\n<p>Toplant\u0131da, yerel bas\u0131n\u0131n son zamanlardaki yo\u011fun ilgisinden bahseden Ak\u0131n, Ayd\u0131n B\u00fcy\u00fck\u015fehir Belediyesi eski Ba\u015fkan\u0131 \u00d6zlem \u00c7er\u00e7io\u011flu&#8217;nun CHP&#8217;den ayr\u0131lma s\u00fcrecine at\u0131fta bulunarak, &#8220;Bir y\u0131ld\u0131z gibi kayarken asl\u0131nda bu c\u00fcmle en \u00e7ok Ahmet Ak\u0131n&#8217;a yak\u0131\u015f\u0131rd\u0131&#8221; \u015feklinde bir ifade kulland\u0131. Bu ifadeler, Ak\u0131n&#8217;\u0131n siyasi gelece\u011fi hakk\u0131nda spek\u00fclasyonlara yol a\u00e7t\u0131.<\/p>\n<p><\/p>\n<p><h3>S\u0131nd\u0131rg\u0131&#8217;da Yap\u0131lan \u00c7al\u0131\u015fmalar ve Halkla Ba\u011flant\u0131<\/h3>\n<\/p>\n<p><\/p>\n<p>Deprem felaketinin ard\u0131ndan S\u0131nd\u0131rg\u0131&#8217;da y\u00fcr\u00fct\u00fclen yard\u0131m \u00e7al\u0131\u015fmalar\u0131na de\u011finen Ak\u0131n, <strong>Bakanlarla kol kola S\u0131nd\u0131rg\u0131 halk\u0131na dokunduklar\u0131n\u0131<\/strong> ifade etti. Yap\u0131lan yard\u0131mlar aras\u0131nda \u00e7ay, kek ve s\u0131cak \u00e7orba da\u011f\u0131t\u0131m\u0131 yer ald\u0131. Ayr\u0131ca, S\u0131nd\u0131rg\u0131&#8217;n\u0131n afet b\u00f6lgesi ilan edilmesi y\u00f6n\u00fcndeki \u00e7a\u011fr\u0131lara benzer bir ifade kullanmaktan ka\u00e7\u0131narak, devletin koordinasyonunda y\u00fcr\u00fct\u00fclen \u00e7al\u0131\u015fmalar\u0131n \u00f6nemini vurgulad\u0131.<\/p>\n<p><\/p>\n<p><h3>&#8220;Art\u0131k Bundan Sonras\u0131 Yersen Elma, Yemezsen Armut Tad\u0131nda Canda\u015flar&#8221; Mesaj\u0131<\/h3>\n<\/p>\n<p><\/p>\n<p>Ak\u0131n, toplant\u0131n\u0131n sonunda yerel bas\u0131na y\u00f6nelik bir mesaj vererek, &#8220;Art\u0131k bundan sonras\u0131 yersen elma, yemezsen armut tad\u0131nda Canda\u015flar&#8221; ifadesini kulland\u0131. Bu ifade, Ak\u0131n&#8217;\u0131n gelecekteki s\u00fcre\u00e7lere dair bir beklentisini yans\u0131tt\u0131\u011f\u0131 \u015feklinde yorumland\u0131.<\/p>\n<p><\/p>\n<p><p><strong>\u00d6nemli Not:<\/strong> Bu a\u00e7\u0131klama, S\u0131nd\u0131rg\u0131 depremi sonras\u0131 ya\u015fanan geli\u015fmeler ve Ahmet Ak\u0131n&#8217;\u0131n bu s\u00fcre\u00e7teki rol\u00fcne dair \u00f6nemli bir de\u011ferlendirme sunmaktad\u0131r.<\/p><\/p>\n","protected":false},"excerpt":{"rendered":"<p>S\u0131nd\u0131rg\u0131 Depremi Sonras\u0131 Ahmet Ak\u0131n&#8217;dan \u00d6nemli A\u00e7\u0131klama S\u0131nd\u0131rg\u0131 il\u00e7esinde ya\u015fanan deprem felaketinin ard\u0131ndan, yerel bas\u0131n\u0131n ve kamuoyunun merakla bekledi\u011fi Ahmet Ak\u0131n&#8217;dan a\u00e7\u0131klama geldi. Ak\u0131n, deprem s\u00fcreciyle ilgili de\u011ferlendirmelerini, Bal\u0131kesir B\u00fcy\u00fck\u015fehir Belediyesi&#8217;nde d\u00fczenlenen \u00f6zel bir bas\u0131n toplant\u0131s\u0131yla payla\u015ft\u0131. Deprem S\u00fcrecinde Devletle&#8230;<\/p>\n","protected":false},"author":1,"featured_media":32731,"comment_status":"closed","ping_status":"closed","sticky":false,"template":"","format":"standard","meta":{"footnotes":""},"categories":[36],"tags":[],"class_list":["post-32730","post","type-post","status-publish","format-standard","has-post-thumbnail","hentry","category-manset"],"_links":{"self":[{"href":"http:\/\/gazetevizyon.com\/index.php?rest_route=\/wp\/v2\/posts\/32730","targetHints":{"allow":["GET"]}}],"collection":[{"href":"http:\/\/gazetevizyon.com\/index.php?rest_route=\/wp\/v2\/posts"}],"about":[{"href":"http:\/\/gazetevizyon.com\/index.php?rest_route=\/wp\/v2\/types\/post"}],"author":[{"embeddable":true,"href":"http:\/\/gazetevizyon.com\/index.php?rest_route=\/wp\/v2\/users\/1"}],"replies":[{"embeddable":true,"href":"http:\/\/gazetevizyon.com\/index.php?rest_route=%2Fwp%2Fv2%2Fcomments&post=32730"}],"version-history":[{"count":1,"href":"http:\/\/gazetevizyon.com\/index.php?rest_route=\/wp\/v2\/posts\/32730\/revisions"}],"predecessor-version":[{"id":32753,"href":"http:\/\/gazetevizyon.com\/index.php?rest_route=\/wp\/v2\/posts\/32730\/revisions\/32753"}],"wp:featuredmedia":[{"embeddable":true,"href":"http:\/\/gazetevizyon.com\/index.php?rest_route=\/wp\/v2\/media\/32731"}],"wp:attachment":[{"href":"http:\/\/gazetevizyon.com\/index.php?rest_route=%2Fwp%2Fv2%2Fmedia&parent=32730"}],"wp:term":[{"taxonomy":"category","embeddable":true,"href":"http:\/\/gazetevizyon.com\/index.php?rest_route=%2Fwp%2Fv2%2Fcategories&post=32730"},{"taxonomy":"post_tag","embeddable":true,"href":"http:\/\/gazetevizyon.com\/index.php?rest_route=%2Fwp%2Fv2%2Ftags&post=32730"}],"curies":[{"name":"wp","href":"https:\/\/api.w.org\/{rel}","templated":true}]}}