{"id":32775,"date":"2025-08-19T14:14:18","date_gmt":"2025-08-19T14:14:18","guid":{"rendered":"http:\/\/gazetevizyon.com\/?p=32775"},"modified":"2025-08-19T14:14:18","modified_gmt":"2025-08-19T14:14:18","slug":"balikesir-orhanlida-cerkes-festivali-kardeslik-ve-kultur-soleni","status":"publish","type":"post","link":"http:\/\/gazetevizyon.com\/?p=32775","title":{"rendered":"Bal\u0131kesir Orhanl\u0131&#8217;da \u00c7erkes Festivali: Karde\u015flik ve K\u00fclt\u00fcr \u015e\u00f6leni"},"content":{"rendered":"<p>\n<h2>Bal\u0131kesir&#8217;de Karde\u015flik R\u00fczgar\u0131: Orhanl\u0131&#8217;da \u00c7erkes Festivali D\u00fczenlendi<\/h2>\n<\/p>\n<p><\/p>\n<p><p>Bal\u0131kesir&#8217;in Orhanl\u0131 k\u00f6y\u00fcnde, Bal\u0131kesir B\u00fcy\u00fck\u015fehir Belediyesi&#8217;nin destekleriyle Orhanl\u0131 \u00c7erkes K\u00fclt\u00fcr Derne\u011fi taraf\u0131ndan d\u00fczenlenen \u00c7erkes Festivali, hem k\u00f6kl\u00fc \u00c7erkes k\u00fclt\u00fcr\u00fcn\u00fc tan\u0131t\u0131m f\u0131rsat\u0131 sundu hem de m\u00fczik, dans ve dostlukla zenginle\u015ftirilmi\u015f bir etkinlik oldu. <\/p>\n<\/p>\n<p><\/p>\n<p><h3>Festivalin Amac\u0131 ve \u00d6nemi<\/h3>\n<\/p>\n<p><\/p>\n<p><p><strong>Festivalin temel amac\u0131<\/strong>, \u00c7erkes k\u00fclt\u00fcr\u00fcn\u00fc ya\u015fatmak ve gelecek nesillere aktarmak. Ayn\u0131 zamanda farkl\u0131 k\u00fclt\u00fcrleri bir araya getirerek karde\u015fli\u011fi ve dayan\u0131\u015fmay\u0131 g\u00fc\u00e7lendirmek de hedefleniyor. Etkinlik, Bal\u0131kesir&#8217;in farkl\u0131 noktalar\u0131ndan ve \u00e7evre illerden kat\u0131l\u0131mc\u0131lar\u0131 a\u011f\u0131rlad\u0131.<\/p>\n<\/p>\n<p><\/p>\n<p><h3>Festival Detaylar\u0131<\/h3>\n<\/p>\n<p><\/p>\n<p><p>Festival, 23 A\u011fustos Cumartesi g\u00fcn\u00fc ger\u00e7ekle\u015ftirildi. Saat 20:00&#8217;de ba\u015flayan etkinlik, Orhanl\u0131 K\u00f6y\u00fc&#8217;nde yap\u0131ld\u0131. <\/p>\n<\/p>\n<p><\/p>\n<p><h3>Festivalde Neler Oldu?<\/h3>\n<\/p>\n<p><\/p>\n<p><ul>    <\/p>\n<ul>\n<li><strong>Geleneksel Dans G\u00f6sterileri:<\/strong> \u00c7erkes danslar\u0131n\u0131n b\u00fcy\u00fcleyici g\u00f6sterileri, festivalin en dikkat \u00e7eken anlar\u0131 aras\u0131nda yer ald\u0131.<\/li>\n<p>    <\/p>\n<li><strong>Canl\u0131 M\u00fczik:<\/strong> Geleneksel \u00c7erkes m\u00fczi\u011finin yan\u0131 s\u0131ra, modern m\u00fczik t\u00fcrleriyle de festival co\u015fku dolu anlar ya\u015fand\u0131.<\/li>\n<p>    <\/p>\n<li><strong>Y\u00f6resel Lezzetler:<\/strong> Festivalde, \u00c7erkes mutfa\u011f\u0131n\u0131n birbirinden lezzetli yemekleri ve tatl\u0131lar\u0131 da kat\u0131l\u0131mc\u0131lara sunuldu.<\/li>\n<p>    <\/p>\n<li><strong>K\u00fclt\u00fcrel Tan\u0131t\u0131m:<\/strong> \u00c7erkes k\u00fclt\u00fcr\u00fcne ait el sanatlar\u0131, kost\u00fcmler ve di\u011fer geleneksel \u00f6\u011feler sergisi, ziyaret\u00e7ilere \u00c7erkes k\u00fclt\u00fcr\u00fcn\u00fc daha yak\u0131ndan tan\u0131ma f\u0131rsat\u0131 sundu.<\/li>\n<\/ul>\n<p><\/ul>\n<\/p>\n<p><\/p>\n<p><h3>Bal\u0131kesir B\u00fcy\u00fck\u015fehir Belediyesi&#8217;nin Katk\u0131s\u0131<\/h3>\n<\/p>\n<p><\/p>\n<p><p><strong>Bal\u0131kesir B\u00fcy\u00fck\u015fehir Belediyesi<\/strong>, festivalin ba\u015far\u0131l\u0131 bir \u015fekilde ger\u00e7ekle\u015ftirilmesi i\u00e7in gerekli deste\u011fi sa\u011flad\u0131. Belediye Ba\u015fkan\u0131 Ahmet Ak\u0131n\u2019\u0131n pozitif yakla\u015f\u0131m\u0131, etkinli\u011fin ba\u015far\u0131l\u0131 olmas\u0131nda \u00f6nemli rol oynad\u0131.<\/p>\n<\/p>\n<p><\/p>\n<p><h3>T\u00fcm Hem\u015fehriler Davetlidir<\/h3>\n<\/p>\n<p><\/p>\n<p><p>Karde\u015fli\u011fi, dayan\u0131\u015fmay\u0131 ve k\u00fclt\u00fcrlerin renkli d\u00fcnyas\u0131n\u0131 e\u011flenceyle birlikte ya\u015famak isteyen t\u00fcm hem\u015fehrilerimiz, bu \u00f6zel etkinli\u011fe davetlidir.<\/p><\/p>\n","protected":false},"excerpt":{"rendered":"<p>Bal\u0131kesir&#8217;de Karde\u015flik R\u00fczgar\u0131: Orhanl\u0131&#8217;da \u00c7erkes Festivali D\u00fczenlendi Bal\u0131kesir&#8217;in Orhanl\u0131 k\u00f6y\u00fcnde, Bal\u0131kesir B\u00fcy\u00fck\u015fehir Belediyesi&#8217;nin destekleriyle Orhanl\u0131 \u00c7erkes K\u00fclt\u00fcr Derne\u011fi taraf\u0131ndan d\u00fczenlenen \u00c7erkes Festivali, hem k\u00f6kl\u00fc \u00c7erkes k\u00fclt\u00fcr\u00fcn\u00fc tan\u0131t\u0131m f\u0131rsat\u0131 sundu hem de m\u00fczik, dans ve dostlukla zenginle\u015ftirilmi\u015f bir etkinlik oldu. Festivalin&#8230;<\/p>\n","protected":false},"author":1,"featured_media":32776,"comment_status":"closed","ping_status":"closed","sticky":false,"template":"","format":"standard","meta":{"footnotes":""},"categories":[36],"tags":[],"class_list":["post-32775","post","type-post","status-publish","format-standard","has-post-thumbnail","hentry","category-manset"],"_links":{"self":[{"href":"http:\/\/gazetevizyon.com\/index.php?rest_route=\/wp\/v2\/posts\/32775","targetHints":{"allow":["GET"]}}],"collection":[{"href":"http:\/\/gazetevizyon.com\/index.php?rest_route=\/wp\/v2\/posts"}],"about":[{"href":"http:\/\/gazetevizyon.com\/index.php?rest_route=\/wp\/v2\/types\/post"}],"author":[{"embeddable":true,"href":"http:\/\/gazetevizyon.com\/index.php?rest_route=\/wp\/v2\/users\/1"}],"replies":[{"embeddable":true,"href":"http:\/\/gazetevizyon.com\/index.php?rest_route=%2Fwp%2Fv2%2Fcomments&post=32775"}],"version-history":[{"count":1,"href":"http:\/\/gazetevizyon.com\/index.php?rest_route=\/wp\/v2\/posts\/32775\/revisions"}],"predecessor-version":[{"id":32790,"href":"http:\/\/gazetevizyon.com\/index.php?rest_route=\/wp\/v2\/posts\/32775\/revisions\/32790"}],"wp:featuredmedia":[{"embeddable":true,"href":"http:\/\/gazetevizyon.com\/index.php?rest_route=\/wp\/v2\/media\/32776"}],"wp:attachment":[{"href":"http:\/\/gazetevizyon.com\/index.php?rest_route=%2Fwp%2Fv2%2Fmedia&parent=32775"}],"wp:term":[{"taxonomy":"category","embeddable":true,"href":"http:\/\/gazetevizyon.com\/index.php?rest_route=%2Fwp%2Fv2%2Fcategories&post=32775"},{"taxonomy":"post_tag","embeddable":true,"href":"http:\/\/gazetevizyon.com\/index.php?rest_route=%2Fwp%2Fv2%2Ftags&post=32775"}],"curies":[{"name":"wp","href":"https:\/\/api.w.org\/{rel}","templated":true}]}}