{"id":3286,"date":"2019-03-14T13:09:24","date_gmt":"2019-03-14T13:09:24","guid":{"rendered":"http:\/\/gazetevizyon.com\/?p=3286"},"modified":"2019-03-14T13:09:26","modified_gmt":"2019-03-14T13:09:26","slug":"yucel-yilmazdan-tip-bayrami-ziyareti","status":"publish","type":"post","link":"http:\/\/gazetevizyon.com\/?p=3286","title":{"rendered":"Y\u00dcCEL YILMAZ&#8217;DAN TIP BAYRAMI Z\u0130YARET\u0130"},"content":{"rendered":"\n<h2 class=\"wp-block-heading\"><strong>Y\u00dcCEL YILMAZ&#8217;DAN TIP BAYRAMI Z\u0130YARET\u0130<\/strong><\/h2>\n\n\n\n<p>Cumhur\n\u0130ttifak\u0131 AK Parti Bal\u0131kesir B\u00fcy\u00fck\u015fehir Belediye Ba\u015fkan Aday\u0131 Y\u00fccel Y\u0131lmaz, &#8220;14\nMart T\u0131p Bayram\u0131&#8221; nedeniyle Atat\u00fcrk \u015eehir Hastanesi&#8217;nde sa\u011fl\u0131k \u00e7al\u0131\u015fanlar\u0131\nile bir araya geldi, g\u00fcn\u00fcn an\u0131s\u0131na \u00e7i\u00e7ek hediye etti. <\/p>\n\n\n\n<p>Sa\u011fl\u0131k\n\u00e7al\u0131\u015fanlar\u0131n\u0131n insan\u00fcst\u00fc gayretlerinin kendileri i\u00e7in iftihar kayna\u011f\u0131 oldu\u011funu\ns\u00f6yleyen Cumhur \u0130ttifak\u0131 AK Parti Bal\u0131kesir B\u00fcy\u00fck\u015fehir Belediye Ba\u015fkan Aday\u0131 Y\u00fccel\nY\u0131lmaz, &#8220;Yaln\u0131z de\u011filsiniz, iyi ki vars\u0131n\u0131z. Hayat\u0131n her noktas\u0131nda\ninsan\u0131m\u0131za destek oluyorsunuz. Sizler \u015fehrimizin g\u00fcvencesisiniz. \u0130nsan\u0131\nya\u015fatmay\u0131, insanl\u0131\u011fa daha nitelikli bir ya\u015fam sunmay\u0131 ama\u00e7 edinen bu sayg\u0131n ve\nonurlu mesle\u011fi b\u00fcy\u00fck \u00f6zveriyle yerine getiren t\u00fcm t\u0131p \u00e7al\u0131\u015fanlar\u0131m\u0131z\u0131n 14 Mart\nT\u0131p Bayram\u0131&#8217;n\u0131 i\u00e7ten duygular\u0131mla kutluyor ba\u015far\u0131l\u0131 \u00e7al\u0131\u015fmalar\u0131n\u0131z\u0131n devam\u0131n\u0131\ndiliyorum&#8221; dedi. <\/p>\n\n\n\n<p>Y\u00fccel\nY\u0131lmaz&#8217;\u0131 a\u011f\u0131rlayan Ba\u015fhekim Uzman Doktor Adil Ozan G\u00f6ku\u00e7 ise ziyaretten duydu\u011fu\nmemnuniyeti dile getirerek &#8220;Ba\u015fkan\u0131m\u0131z\u0131n ziyaretleri bizleri\ngururland\u0131rd\u0131. Kendisinin selam\u0131n\u0131 hastanemizde g\u00f6rev yapan t\u00fcm sa\u011fl\u0131k\n\u00e7al\u0131\u015fanlar\u0131na iletece\u011fim&#8221; dedi. <\/p>\n\n\n\n<ul class=\"wp-block-gallery columns-3 is-cropped wp-block-gallery-1 is-layout-flex wp-block-gallery-is-layout-flex\"><li class=\"blocks-gallery-item\"><figure><img decoding=\"async\" src=\"http:\/\/balikesirgercek.com\/wp-content\/uploads\/2019\/03\/Y\u00fccel-Y\u0131lmazdan-T\u0131p-Bayram\u0131-ziyareti-7-1024x682.jpg\" alt=\"\" data-id=\"3341\" data-link=\"http:\/\/balikesirgercek.com\/?attachment_id=3341\" class=\"wp-image-3341\"\/><\/figure><\/li><li class=\"blocks-gallery-item\"><figure><img decoding=\"async\" src=\"http:\/\/balikesirgercek.com\/wp-content\/uploads\/2019\/03\/Y\u00fccel-Y\u0131lmazdan-T\u0131p-Bayram\u0131-ziyareti-1-1024x682.jpg\" alt=\"\" data-id=\"3342\" data-link=\"http:\/\/balikesirgercek.com\/?attachment_id=3342\" class=\"wp-image-3342\"\/><\/figure><\/li><li class=\"blocks-gallery-item\"><figure><img decoding=\"async\" src=\"http:\/\/balikesirgercek.com\/wp-content\/uploads\/2019\/03\/Y\u00fccel-Y\u0131lmazdan-T\u0131p-Bayram\u0131-ziyareti-2-1024x682.jpg\" alt=\"\" data-id=\"3343\" data-link=\"http:\/\/balikesirgercek.com\/?attachment_id=3343\" class=\"wp-image-3343\"\/><\/figure><\/li><li class=\"blocks-gallery-item\"><figure><img decoding=\"async\" src=\"http:\/\/balikesirgercek.com\/wp-content\/uploads\/2019\/03\/Y\u00fccel-Y\u0131lmazdan-T\u0131p-Bayram\u0131-ziyareti-3-1024x682.jpg\" alt=\"\" data-id=\"3344\" data-link=\"http:\/\/balikesirgercek.com\/?attachment_id=3344\" class=\"wp-image-3344\"\/><\/figure><\/li><li class=\"blocks-gallery-item\"><figure><img decoding=\"async\" src=\"http:\/\/balikesirgercek.com\/wp-content\/uploads\/2019\/03\/Y\u00fccel-Y\u0131lmazdan-T\u0131p-Bayram\u0131-ziyareti-4-1024x682.jpg\" alt=\"\" data-id=\"3345\" data-link=\"http:\/\/balikesirgercek.com\/?attachment_id=3345\" class=\"wp-image-3345\"\/><\/figure><\/li><\/ul>\n\n\n<p><!--EndFragment--><br>\n<br>\n<\/p>","protected":false},"excerpt":{"rendered":"<p>Y\u00dcCEL YILMAZ&#8217;DAN TIP BAYRAMI Z\u0130YARET\u0130 Cumhur \u0130ttifak\u0131 AK Parti Bal\u0131kesir B\u00fcy\u00fck\u015fehir Belediye Ba\u015fkan Aday\u0131 Y\u00fccel Y\u0131lmaz, &#8220;14 Mart T\u0131p Bayram\u0131&#8221; nedeniyle Atat\u00fcrk \u015eehir Hastanesi&#8217;nde sa\u011fl\u0131k \u00e7al\u0131\u015fanlar\u0131 ile bir araya geldi, g\u00fcn\u00fcn an\u0131s\u0131na \u00e7i\u00e7ek hediye etti. Sa\u011fl\u0131k \u00e7al\u0131\u015fanlar\u0131n\u0131n insan\u00fcst\u00fc gayretlerinin kendileri&#8230;<\/p>\n","protected":false},"author":3,"featured_media":3287,"comment_status":"open","ping_status":"open","sticky":false,"template":"","format":"standard","meta":{"footnotes":""},"categories":[20,36],"tags":[],"class_list":["post-3286","post","type-post","status-publish","format-standard","has-post-thumbnail","hentry","category-guncel","category-manset"],"_links":{"self":[{"href":"http:\/\/gazetevizyon.com\/index.php?rest_route=\/wp\/v2\/posts\/3286","targetHints":{"allow":["GET"]}}],"collection":[{"href":"http:\/\/gazetevizyon.com\/index.php?rest_route=\/wp\/v2\/posts"}],"about":[{"href":"http:\/\/gazetevizyon.com\/index.php?rest_route=\/wp\/v2\/types\/post"}],"author":[{"embeddable":true,"href":"http:\/\/gazetevizyon.com\/index.php?rest_route=\/wp\/v2\/users\/3"}],"replies":[{"embeddable":true,"href":"http:\/\/gazetevizyon.com\/index.php?rest_route=%2Fwp%2Fv2%2Fcomments&post=3286"}],"version-history":[{"count":1,"href":"http:\/\/gazetevizyon.com\/index.php?rest_route=\/wp\/v2\/posts\/3286\/revisions"}],"predecessor-version":[{"id":3288,"href":"http:\/\/gazetevizyon.com\/index.php?rest_route=\/wp\/v2\/posts\/3286\/revisions\/3288"}],"wp:featuredmedia":[{"embeddable":true,"href":"http:\/\/gazetevizyon.com\/index.php?rest_route=\/wp\/v2\/media\/3287"}],"wp:attachment":[{"href":"http:\/\/gazetevizyon.com\/index.php?rest_route=%2Fwp%2Fv2%2Fmedia&parent=3286"}],"wp:term":[{"taxonomy":"category","embeddable":true,"href":"http:\/\/gazetevizyon.com\/index.php?rest_route=%2Fwp%2Fv2%2Fcategories&post=3286"},{"taxonomy":"post_tag","embeddable":true,"href":"http:\/\/gazetevizyon.com\/index.php?rest_route=%2Fwp%2Fv2%2Ftags&post=3286"}],"curies":[{"name":"wp","href":"https:\/\/api.w.org\/{rel}","templated":true}]}}