{"id":32939,"date":"2025-08-22T02:14:49","date_gmt":"2025-08-22T02:14:49","guid":{"rendered":"http:\/\/gazetevizyon.com\/?p=32939"},"modified":"2025-08-22T02:14:49","modified_gmt":"2025-08-22T02:14:49","slug":"marmara-adalarda-futbol-turnuvasi-coskusu-baskan-dincer-finalde","status":"publish","type":"post","link":"http:\/\/gazetevizyon.com\/?p=32939","title":{"rendered":"Marmara Adalar\u2019da Futbol Turnuvas\u0131 Co\u015fkusu: Ba\u015fkan Din\u00e7er Finalde"},"content":{"rendered":"<p>\n<h2>Marmara Adalar\u2019da Yaz Futbol Turnuvas\u0131 Finali<\/h2>\n<\/p>\n<p><\/p>\n<p>Marmara Adalar Belediyesi\u2019nin d\u00fczenledi\u011fi geleneksel Saraylar Yaz Futbol Turnuvas\u0131 finali, b\u00fcy\u00fck bir co\u015fkuyla ger\u00e7ekle\u015ftirildi. Turnuva, yaz aylar\u0131n\u0131n vazge\u00e7ilmezi haline gelerek adalar halk\u0131n\u0131n ilgisini toplad\u0131.<\/p>\n<p><\/p>\n<p><h3>Ba\u015fkan Din\u00e7er\u2019in Kat\u0131l\u0131m\u0131<\/h3>\n<\/p>\n<p><\/p>\n<p>Marmara Adalar Belediye Ba\u015fkan\u0131 Ayd\u0131n Din\u00e7er, final kar\u015f\u0131la\u015fmas\u0131na kat\u0131larak gen\u00e7 futbolculara destek verdi. Ba\u015fkan Din\u00e7er\u2019in kat\u0131l\u0131m\u0131, turnuvan\u0131n \u00f6nemini bir kez daha vurgulad\u0131.<\/p>\n<p><\/p>\n<p><h3>Dereceye Giren Tak\u0131mlara \u00d6d\u00fcl T\u00f6reni<\/h3>\n<\/p>\n<p><\/p>\n<p>Final ma\u00e7\u0131n\u0131n ard\u0131ndan dereceye giren tak\u0131mlara \u00f6d\u00fclleri Marmara Adalar Belediye Ba\u015fkan\u0131 Ayd\u0131n Din\u00e7er taraf\u0131ndan takdim edildi. <strong>\u00d6d\u00fcl t\u00f6reni, b\u00fcy\u00fck bir aile ortam\u0131nda ger\u00e7ekle\u015fti ve sporcular\u0131n mutlulu\u011fu y\u00fczlerinden okunuyordu.<\/strong><\/p>\n<p><\/p>\n<p><h3>Turnuvan\u0131n Amac\u0131 ve \u00d6nemi<\/h3>\n<\/p>\n<p><\/p>\n<p>Saraylar Yaz Futbol Turnuvas\u0131, her y\u0131l gen\u00e7lerin sporla i\u00e7 i\u00e7e olmas\u0131n\u0131 ve sosyal ba\u011flar\u0131n\u0131 g\u00fc\u00e7lendirmeyi ama\u00e7layan \u00f6nemli bir etkinliktir. <strong>Turnuva, Marmara Adalar\u2019da sporun yayg\u0131nla\u015fmas\u0131na ve gen\u00e7lerin sa\u011fl\u0131kl\u0131 geli\u015fimine katk\u0131 sa\u011flamaktad\u0131r.<\/strong><\/p>\n<p><\/p>\n<p>&lt;ul style=&quot;list<\/p>\n<ul>\n<li>style-type: disc;&#8221;&gt;<\/li>\n<p>  <\/p>\n<li>Turnuva, her y\u0131l d\u00fczenli olarak ger\u00e7ekle\u015ftirilmektedir.<\/li>\n<p>  <\/p>\n<li>Gen\u00e7 futbolculara \u00f6nemli bir deneyim f\u0131rsat\u0131 sunmaktad\u0131r.<\/li>\n<p>  <\/p>\n<li>Marmara Adalar halk\u0131 i\u00e7in e\u011flenceli bir yaz etkinli\u011fi olmaktad\u0131r.<\/li>\n<\/ul>\n<p><\/ul>\n<\/p>\n<p><\/p>\n<p><h3>Gelecek Y\u0131llarda Devam Etmesi Bekleniyor<\/h3>\n<\/p>\n<p><\/p>\n<p>Marmara Adalar Belediyesi, geleneksel Saraylar Yaz Futbol Turnuvas\u0131&#8217;n\u0131 gelecek y\u0131llarda da d\u00fczenlemeye devam edece\u011fini duyurdu. <strong>Bu, adalar halk\u0131n\u0131n sporla bulu\u015fma ve e\u011flenme f\u0131rsat\u0131n\u0131n devam edece\u011finin bir g\u00f6stergesi olarak de\u011ferlendiriliyor.<\/strong><\/title><\/p><\/p>\n","protected":false},"excerpt":{"rendered":"<p>Marmara Adalar\u2019da Yaz Futbol Turnuvas\u0131 Finali Marmara Adalar Belediyesi\u2019nin d\u00fczenledi\u011fi geleneksel Saraylar Yaz Futbol Turnuvas\u0131 finali, b\u00fcy\u00fck bir co\u015fkuyla ger\u00e7ekle\u015ftirildi. Turnuva, yaz aylar\u0131n\u0131n vazge\u00e7ilmezi haline gelerek adalar halk\u0131n\u0131n ilgisini toplad\u0131. Ba\u015fkan Din\u00e7er\u2019in Kat\u0131l\u0131m\u0131 Marmara Adalar Belediye Ba\u015fkan\u0131 Ayd\u0131n Din\u00e7er, final&#8230;<\/p>\n","protected":false},"author":1,"featured_media":32940,"comment_status":"closed","ping_status":"closed","sticky":false,"template":"","format":"standard","meta":{"footnotes":""},"categories":[36],"tags":[],"class_list":["post-32939","post","type-post","status-publish","format-standard","has-post-thumbnail","hentry","category-manset"],"_links":{"self":[{"href":"http:\/\/gazetevizyon.com\/index.php?rest_route=\/wp\/v2\/posts\/32939","targetHints":{"allow":["GET"]}}],"collection":[{"href":"http:\/\/gazetevizyon.com\/index.php?rest_route=\/wp\/v2\/posts"}],"about":[{"href":"http:\/\/gazetevizyon.com\/index.php?rest_route=\/wp\/v2\/types\/post"}],"author":[{"embeddable":true,"href":"http:\/\/gazetevizyon.com\/index.php?rest_route=\/wp\/v2\/users\/1"}],"replies":[{"embeddable":true,"href":"http:\/\/gazetevizyon.com\/index.php?rest_route=%2Fwp%2Fv2%2Fcomments&post=32939"}],"version-history":[{"count":1,"href":"http:\/\/gazetevizyon.com\/index.php?rest_route=\/wp\/v2\/posts\/32939\/revisions"}],"predecessor-version":[{"id":32941,"href":"http:\/\/gazetevizyon.com\/index.php?rest_route=\/wp\/v2\/posts\/32939\/revisions\/32941"}],"wp:featuredmedia":[{"embeddable":true,"href":"http:\/\/gazetevizyon.com\/index.php?rest_route=\/wp\/v2\/media\/32940"}],"wp:attachment":[{"href":"http:\/\/gazetevizyon.com\/index.php?rest_route=%2Fwp%2Fv2%2Fmedia&parent=32939"}],"wp:term":[{"taxonomy":"category","embeddable":true,"href":"http:\/\/gazetevizyon.com\/index.php?rest_route=%2Fwp%2Fv2%2Fcategories&post=32939"},{"taxonomy":"post_tag","embeddable":true,"href":"http:\/\/gazetevizyon.com\/index.php?rest_route=%2Fwp%2Fv2%2Ftags&post=32939"}],"curies":[{"name":"wp","href":"https:\/\/api.w.org\/{rel}","templated":true}]}}