{"id":32978,"date":"2025-08-22T17:41:49","date_gmt":"2025-08-22T17:41:49","guid":{"rendered":"http:\/\/gazetevizyon.com\/?p=32978"},"modified":"2025-08-22T17:41:49","modified_gmt":"2025-08-22T17:41:49","slug":"balikesirde-muhtarlar-ziyareti-chp-il-baskanligi-ile-isbirligi-mesaji","status":"publish","type":"post","link":"http:\/\/gazetevizyon.com\/?p=32978","title":{"rendered":"Bal\u0131kesir&#8217;de Muhtarlar Ziyareti: CHP \u0130l Ba\u015fkanl\u0131\u011f\u0131 ile \u0130\u015fbirli\u011fi Mesaj\u0131"},"content":{"rendered":"<p>\n<h2>CHP Bal\u0131kesir \u0130l Ba\u015fkanl\u0131\u011f\u0131&#8217;n\u0131 Ziyaret Eden Muhtarlar, \u0130\u015fbirli\u011fi Vurgusu Yapt\u0131<\/h2>\n<\/p>\n<p><\/p>\n<p><p><strong>Bal\u0131kesir<\/strong>&#8216;de, Alt\u0131eyl\u00fcl Muhtarlar Dernek Ba\u015fkan\u0131 ve Orhanl\u0131 Mahalle Muhtar\u0131 Halis Cemal Albayrak, CHP Bal\u0131kesir \u0130l Ba\u015fkanl\u0131\u011f\u0131&#8217;n\u0131 ziyaret etti. Ziyaret, yerel y\u00f6netimler ve siyasi kurumlar aras\u0131ndaki diyalo\u011fun \u00f6nemini vurgulad\u0131.<\/p>\n<\/p>\n<p><\/p>\n<p><h3>Muhtarlar\u0131n \u0130l Ba\u015fkanl\u0131\u011f\u0131na Ziyareti<\/h3>\n<\/p>\n<p><\/p>\n<p><p>Alt\u0131eyl\u00fcl Muhtarlar Dernek Ba\u015fkan\u0131 Halis Cemal Albayrak, il ba\u015fkanl\u0131\u011f\u0131nda ger\u00e7ekle\u015fen ziyarette, yerel sorunlara dikkat \u00e7ekti ve \u00e7\u00f6z\u00fcm \u00f6nerilerini payla\u015ft\u0131. Bu ziyaret, <strong>muhtarlar\u0131n<\/strong> yerel halk\u0131n temsilcisi olarak oynad\u0131\u011f\u0131 rol\u00fcn alt\u0131n\u0131 \u00e7izdi.<\/p>\n<\/p>\n<p><\/p>\n<p><h3>Ziyaretin Amac\u0131 ve Sonu\u00e7lar\u0131<\/h3>\n<\/p>\n<p><\/p>\n<p><p>Ziyaretin temel amac\u0131, yerel halk\u0131n ihtiya\u00e7lar\u0131n\u0131n ve beklentilerinin daha iyi anla\u015f\u0131lmas\u0131n\u0131 sa\u011flamak ve bu do\u011frultuda i\u015fbirli\u011fi imkanlar\u0131n\u0131 de\u011ferlendirmekti. CHP Bal\u0131kesir \u0130l Ba\u015fkanl\u0131\u011f\u0131, ziyareti memnuniyetle kar\u015f\u0131lad\u0131 ve <strong>i\u015fbirli\u011finin<\/strong> devaml\u0131l\u0131\u011f\u0131na destek verece\u011fini belirtti.<\/p>\n<\/p>\n<p><\/p>\n<p><h3>Muhtarlar\u0131n \u00d6nemi<\/h3>\n<\/p>\n<p><\/p>\n<p><p>Muhtarlar, yerel halk\u0131n sorunlar\u0131n\u0131 ilgili makamlara ileten ve \u00e7\u00f6z\u00fcm s\u00fcre\u00e7lerinde \u00f6nemli bir rol oynayan kurumlard\u0131r. Bu nedenle, <strong>muhtarlar\u0131n<\/strong> siyasi kurumlarla i\u015fbirli\u011fi i\u00e7inde \u00e7al\u0131\u015fmas\u0131, yerel y\u00f6netimlerin daha etkin \u00e7al\u0131\u015fmas\u0131na katk\u0131 sa\u011flayacakt\u0131r.<\/p>\n<\/p>\n<p><\/p>\n<p><ul>  <\/p>\n<ul>\n<li>Ziyaret, yerel sorunlara \u00e7\u00f6z\u00fcm odakl\u0131 bir yakla\u015f\u0131m sergilemeyi ama\u00e7lad\u0131.<\/li>\n<p>  <\/p>\n<li>CHP Bal\u0131kesir \u0130l Ba\u015fkanl\u0131\u011f\u0131, muhtarlarla s\u00fcrekli ileti\u015fim halinde olmaya devam edece\u011fini duyurdu.<\/li>\n<p>  <\/p>\n<li>\u0130\u015fbirli\u011fi, daha ya\u015fanabilir bir <strong>Bal\u0131kesir<\/strong> i\u00e7in \u00f6nemli bir ad\u0131m olarak de\u011ferlendirildi.<\/li>\n<\/ul>\n<p><\/ul><\/p>\n","protected":false},"excerpt":{"rendered":"<p>CHP Bal\u0131kesir \u0130l Ba\u015fkanl\u0131\u011f\u0131&#8217;n\u0131 Ziyaret Eden Muhtarlar, \u0130\u015fbirli\u011fi Vurgusu Yapt\u0131 Bal\u0131kesir&#8216;de, Alt\u0131eyl\u00fcl Muhtarlar Dernek Ba\u015fkan\u0131 ve Orhanl\u0131 Mahalle Muhtar\u0131 Halis Cemal Albayrak, CHP Bal\u0131kesir \u0130l Ba\u015fkanl\u0131\u011f\u0131&#8217;n\u0131 ziyaret etti. Ziyaret, yerel y\u00f6netimler ve siyasi kurumlar aras\u0131ndaki diyalo\u011fun \u00f6nemini vurgulad\u0131. Muhtarlar\u0131n \u0130l&#8230;<\/p>\n","protected":false},"author":1,"featured_media":32979,"comment_status":"closed","ping_status":"closed","sticky":false,"template":"","format":"standard","meta":{"footnotes":""},"categories":[23],"tags":[],"class_list":["post-32978","post","type-post","status-publish","format-standard","has-post-thumbnail","hentry","category-siyaset"],"_links":{"self":[{"href":"http:\/\/gazetevizyon.com\/index.php?rest_route=\/wp\/v2\/posts\/32978","targetHints":{"allow":["GET"]}}],"collection":[{"href":"http:\/\/gazetevizyon.com\/index.php?rest_route=\/wp\/v2\/posts"}],"about":[{"href":"http:\/\/gazetevizyon.com\/index.php?rest_route=\/wp\/v2\/types\/post"}],"author":[{"embeddable":true,"href":"http:\/\/gazetevizyon.com\/index.php?rest_route=\/wp\/v2\/users\/1"}],"replies":[{"embeddable":true,"href":"http:\/\/gazetevizyon.com\/index.php?rest_route=%2Fwp%2Fv2%2Fcomments&post=32978"}],"version-history":[{"count":1,"href":"http:\/\/gazetevizyon.com\/index.php?rest_route=\/wp\/v2\/posts\/32978\/revisions"}],"predecessor-version":[{"id":32991,"href":"http:\/\/gazetevizyon.com\/index.php?rest_route=\/wp\/v2\/posts\/32978\/revisions\/32991"}],"wp:featuredmedia":[{"embeddable":true,"href":"http:\/\/gazetevizyon.com\/index.php?rest_route=\/wp\/v2\/media\/32979"}],"wp:attachment":[{"href":"http:\/\/gazetevizyon.com\/index.php?rest_route=%2Fwp%2Fv2%2Fmedia&parent=32978"}],"wp:term":[{"taxonomy":"category","embeddable":true,"href":"http:\/\/gazetevizyon.com\/index.php?rest_route=%2Fwp%2Fv2%2Fcategories&post=32978"},{"taxonomy":"post_tag","embeddable":true,"href":"http:\/\/gazetevizyon.com\/index.php?rest_route=%2Fwp%2Fv2%2Ftags&post=32978"}],"curies":[{"name":"wp","href":"https:\/\/api.w.org\/{rel}","templated":true}]}}