{"id":33053,"date":"2025-08-24T14:35:09","date_gmt":"2025-08-24T14:35:09","guid":{"rendered":"http:\/\/gazetevizyon.com\/?p=33053"},"modified":"2025-08-24T14:35:09","modified_gmt":"2025-08-24T14:35:09","slug":"edremitte-35-geleneksel-gure-sarikiz-hayri-duzenlendi","status":"publish","type":"post","link":"http:\/\/gazetevizyon.com\/?p=33053","title":{"rendered":"Edremit&#8217;te 35. Geleneksel G\u00fcre Sar\u0131k\u0131z Hayr\u0131 D\u00fczenlendi"},"content":{"rendered":"<p>\n<h2>Edremit&#8217;te K\u00f6kl\u00fc Gelenek Ya\u015fat\u0131ld\u0131: 35. G\u00fcre Sar\u0131k\u0131z Hayr\u0131<\/h2>\n<\/p>\n<p><\/p>\n<p>Edremit Belediyesi taraf\u0131ndan d\u00fczenlenen 35. Geleneksel G\u00fcre Sar\u0131k\u0131z Hayr\u0131, vatanda\u015flar\u0131n yo\u011fun kat\u0131l\u0131m\u0131yla ger\u00e7ekle\u015ftirildi. Bu anlaml\u0131 etkinlik, Kazda\u011flar\u0131 b\u00f6lgesinin y\u00fczy\u0131llard\u0131r ya\u015fat\u0131lan \u00f6nemli geleneklerinden biri olan Sar\u0131k\u0131z Hayr\u0131&#8217;n\u0131n bir \u00f6rne\u011fi oldu.<\/p>\n<p><\/p>\n<p><h3>Sar\u0131k\u0131z Hayr\u0131&#8217;n\u0131n \u00d6nemi<\/h3>\n<\/p>\n<p><\/p>\n<p>Sar\u0131k\u0131z Hayr\u0131, b\u00f6lge halk\u0131n\u0131n inan\u00e7 ve geleneklerine ba\u011fl\u0131l\u0131\u011f\u0131n\u0131n bir g\u00f6stergesi olarak kabul ediliyor. <strong>Bu hay\u0131r, dualar ve toplu yemeklerle, b\u00f6lge halk\u0131n\u0131n dayan\u0131\u015fmas\u0131n\u0131 ve birlik beraberli\u011fini peki\u015ftiriyor.<\/strong> Etkinli\u011fe kat\u0131lanlar, bu gelene\u011fin ya\u015fat\u0131lmas\u0131n\u0131n \u00f6nemini vurgulad\u0131.<\/p>\n<p><\/p>\n<p><h3>CHP Edremit \u0130l\u00e7e Ba\u015fkan\u0131 ve Belediye Ba\u015fkan\u0131 Kat\u0131ld\u0131<\/h3>\n<\/p>\n<p><\/p>\n<p>CHP Edremit \u0130l\u00e7e Ba\u015fkan\u0131 Emin Yal\u00e7\u0131nta\u015f ve Edremit Belediye Ba\u015fkan\u0131 Mehmet Erta\u015f, etkinli\u011fe kat\u0131larak vatanda\u015flarla birlikte dualar yapt\u0131 ve hayra e\u015flik etti. <strong>Ba\u015fkan Erta\u015f ve Ba\u015fkan Yal\u00e7\u0131nta\u015f, b\u00f6lgenin k\u00fclt\u00fcrel miras\u0131n\u0131n korunmas\u0131 ve ya\u015fat\u0131lmas\u0131 amac\u0131yla d\u00fczenlenen bu etkinli\u011fin \u00f6nemini vurgulad\u0131lar.<\/strong><\/p>\n<p><\/p>\n<p><h3>Vatanda\u015flar\u0131n Yo\u011fun Kat\u0131l\u0131m\u0131<\/h3>\n<\/p>\n<p><\/p>\n<p>Sar\u0131k\u0131z Hayr\u0131&#8217;na vatanda\u015flar\u0131n yo\u011fun kat\u0131l\u0131m\u0131 g\u00f6r\u00fcld\u00fc. Etkinlikte dualara e\u015flik eden ve hayra kat\u0131lan t\u00fcm vatanda\u015flara te\u015fekk\u00fcr edildi. <strong>Bu t\u00fcr geleneksel etkinliklerin, b\u00f6lge halk\u0131n\u0131n kimli\u011fini ve aidiyet duygusunu g\u00fc\u00e7lendirdi\u011fi belirtildi.<\/strong><\/p>\n<p><\/p>\n<p><h3>Etkinli\u011fin Organizasyonunda Rol Alanlara \u015e\u00fckran<\/h3>\n<\/p>\n<p><\/p>\n<p>Etkinli\u011fin ba\u015far\u0131l\u0131 bir \u015fekilde d\u00fczenlenmesinde eme\u011fi ge\u00e7enlere te\u015fekk\u00fcr edildi. \u00d6zellikle Edremit Belediye Ba\u015fkan\u0131 Mehmet Erta\u015f&#8217;a, bu anlaml\u0131 etkinli\u011fin organizasyonundaki \u00e7abalar\u0131 nedeniyle \u015f\u00fckran duyuldu.<\/p>\n<p><\/p>\n<p><h3>Gelecek Etkinlikler \u0130\u00e7in Beklentiler<\/h3>\n<\/p>\n<p><\/p>\n<p>Sar\u0131k\u0131z Hayr\u0131 gibi geleneksel etkinliklerin, gelecek y\u0131llarda da ayn\u0131 co\u015fkuyla ya\u015fat\u0131lmas\u0131 bekleniyor. <strong>B\u00f6lge halk\u0131, bu t\u00fcr etkinliklerin, k\u00fclt\u00fcrel miras\u0131n korunmas\u0131 ve gelecek nesillere aktar\u0131lmas\u0131 a\u00e7\u0131s\u0131ndan b\u00fcy\u00fck \u00f6nem ta\u015f\u0131d\u0131\u011f\u0131n\u0131 belirtiyor.&lt;\/strong<\/p>\n<p><\/p><\/p>\n","protected":false},"excerpt":{"rendered":"<p>Edremit&#8217;te K\u00f6kl\u00fc Gelenek Ya\u015fat\u0131ld\u0131: 35. G\u00fcre Sar\u0131k\u0131z Hayr\u0131 Edremit Belediyesi taraf\u0131ndan d\u00fczenlenen 35. Geleneksel G\u00fcre Sar\u0131k\u0131z Hayr\u0131, vatanda\u015flar\u0131n yo\u011fun kat\u0131l\u0131m\u0131yla ger\u00e7ekle\u015ftirildi. Bu anlaml\u0131 etkinlik, Kazda\u011flar\u0131 b\u00f6lgesinin y\u00fczy\u0131llard\u0131r ya\u015fat\u0131lan \u00f6nemli geleneklerinden biri olan Sar\u0131k\u0131z Hayr\u0131&#8217;n\u0131n bir \u00f6rne\u011fi oldu. Sar\u0131k\u0131z Hayr\u0131&#8217;n\u0131n \u00d6nemi&#8230;<\/p>\n","protected":false},"author":1,"featured_media":33054,"comment_status":"closed","ping_status":"closed","sticky":false,"template":"","format":"standard","meta":{"footnotes":""},"categories":[23],"tags":[],"class_list":["post-33053","post","type-post","status-publish","format-standard","has-post-thumbnail","hentry","category-siyaset"],"_links":{"self":[{"href":"http:\/\/gazetevizyon.com\/index.php?rest_route=\/wp\/v2\/posts\/33053","targetHints":{"allow":["GET"]}}],"collection":[{"href":"http:\/\/gazetevizyon.com\/index.php?rest_route=\/wp\/v2\/posts"}],"about":[{"href":"http:\/\/gazetevizyon.com\/index.php?rest_route=\/wp\/v2\/types\/post"}],"author":[{"embeddable":true,"href":"http:\/\/gazetevizyon.com\/index.php?rest_route=\/wp\/v2\/users\/1"}],"replies":[{"embeddable":true,"href":"http:\/\/gazetevizyon.com\/index.php?rest_route=%2Fwp%2Fv2%2Fcomments&post=33053"}],"version-history":[{"count":1,"href":"http:\/\/gazetevizyon.com\/index.php?rest_route=\/wp\/v2\/posts\/33053\/revisions"}],"predecessor-version":[{"id":33057,"href":"http:\/\/gazetevizyon.com\/index.php?rest_route=\/wp\/v2\/posts\/33053\/revisions\/33057"}],"wp:featuredmedia":[{"embeddable":true,"href":"http:\/\/gazetevizyon.com\/index.php?rest_route=\/wp\/v2\/media\/33054"}],"wp:attachment":[{"href":"http:\/\/gazetevizyon.com\/index.php?rest_route=%2Fwp%2Fv2%2Fmedia&parent=33053"}],"wp:term":[{"taxonomy":"category","embeddable":true,"href":"http:\/\/gazetevizyon.com\/index.php?rest_route=%2Fwp%2Fv2%2Fcategories&post=33053"},{"taxonomy":"post_tag","embeddable":true,"href":"http:\/\/gazetevizyon.com\/index.php?rest_route=%2Fwp%2Fv2%2Ftags&post=33053"}],"curies":[{"name":"wp","href":"https:\/\/api.w.org\/{rel}","templated":true}]}}