{"id":33055,"date":"2025-08-24T17:33:36","date_gmt":"2025-08-24T17:33:36","guid":{"rendered":"http:\/\/gazetevizyon.com\/?p=33055"},"modified":"2025-08-24T17:33:36","modified_gmt":"2025-08-24T17:33:36","slug":"65-kurtdereli-guresleri-hemsehrilerle-coskuyla-kutlandi","status":"publish","type":"post","link":"http:\/\/gazetevizyon.com\/?p=33055","title":{"rendered":"65. Kurtdereli G\u00fcre\u015fleri Hem\u015fehrilerle Co\u015fkuyla Kutland\u0131"},"content":{"rendered":"<p>\n<h2>Geleneksel G\u00fcre\u015fler Co\u015fkuyla Devam Ediyor: Kurtdereli Mehmet Pehlivan An\u0131s\u0131na<\/h2>\n<\/p>\n<p><\/p>\n<p><p><strong>65. Kurtdereli G\u00fcre\u015fleri<\/strong>, hem\u015fehrilerin kat\u0131l\u0131m\u0131yla b\u00fcy\u00fck bir co\u015fkuyla kutland\u0131. Bu geleneksel etkinlik, Kurtdereli Mehmet Pehlivan&#8217;\u0131n an\u0131s\u0131n\u0131 ya\u015fatmak amac\u0131yla d\u00fczenleniyor.<\/p>\n<\/p>\n<p><\/p>\n<p><h3>Kurtdereli Mehmet Pehlivan Kimdir?<\/h3>\n<\/p>\n<p><\/p>\n<p><p>Kurtdereli Mehmet Pehlivan, T\u00fcrkiye g\u00fcre\u015f tarihine damga vurmu\u015f, unutulmaz bir \u015fampiyondu. G\u00fcre\u015f yetene\u011fi ve ki\u015fili\u011fiyle tan\u0131nan Mehmet Pehlivan, ad\u0131n\u0131 gelecek nesillere ta\u015f\u0131yan bir efsane olarak kabul ediliyor. Onun an\u0131s\u0131na d\u00fczenlenen bu g\u00fcre\u015fler, her y\u0131l daha da b\u00fcy\u00fck bir ilgiyle kar\u015f\u0131lan\u0131yor.<\/p>\n<\/p>\n<p><\/p>\n<p><h3>G\u00fcre\u015flerin Amac\u0131 ve \u00d6nemi<\/h3>\n<\/p>\n<p><\/p>\n<p><p>G\u00fcre\u015flerin temel amac\u0131, Kurtdereli Mehmet Pehlivan\u2019\u0131n miras\u0131n\u0131 gelecek nesillere aktarmak ve geleneksel g\u00fcre\u015f k\u00fclt\u00fcr\u00fcn\u00fc ya\u015fatmakt\u0131r. Bu etkinlik, ayn\u0131 zamanda b\u00f6lge halk\u0131n\u0131n bir araya gelerek kayna\u015fmas\u0131n\u0131 ve dayan\u0131\u015fmas\u0131n\u0131 sa\u011flamaktad\u0131r. <strong>G\u00fcre\u015fler, b\u00f6lgenin sosyal ve k\u00fclt\u00fcrel hayat\u0131nda \u00f6nemli bir yere sahiptir.<\/strong><\/p>\n<\/p>\n<p><\/p>\n<p><h3>G\u00fcre\u015flerdeki Yar\u0131\u015fmac\u0131lar ve \u015eampiyonluk Heyecan\u0131<\/h3>\n<\/p>\n<p><\/p>\n<p><p>G\u00fcre\u015flerde T\u00fcrkiye&#8217;nin d\u00f6rt bir yan\u0131ndan kat\u0131lan g\u00fcre\u015f\u00e7iler, \u015fampiyonluk i\u00e7in k\u0131yas\u0131ya m\u00fccadele etti. Yar\u0131\u015fmalar, izleyicilere unutulmaz anlar ya\u015fatt\u0131. <strong>\u015eampiyonluk unvan\u0131n\u0131 elde eden g\u00fcre\u015f\u00e7i, Kurtdereli Mehmet Pehlivan\u2019\u0131n ad\u0131n\u0131 ta\u015f\u0131yan kupay\u0131 almaya lay\u0131k g\u00f6r\u00fcld\u00fc.<\/strong><\/p>\n<\/p>\n<p><\/p>\n<p><h3>G\u00fcre\u015flerin Geli\u015fimi ve Gelece\u011fi<\/h3>\n<\/p>\n<p><\/p>\n<p><p>G\u00fcre\u015flerin her y\u0131l daha da geli\u015fti\u011fi ve ilgi g\u00f6rd\u00fc\u011f\u00fc belirtildi. <strong>B\u00f6lge halk\u0131n\u0131n deste\u011fiyle, g\u00fcre\u015flerin geleneksel yap\u0131s\u0131n\u0131n korunarak, modern standartlara da uyum sa\u011flamas\u0131 hedefleniyor.<\/strong> Gelecek y\u0131llarda daha geni\u015f kat\u0131l\u0131mla ve daha kapsaml\u0131 bir programla g\u00fcre\u015flerin d\u00fczenlenmesi planlan\u0131yor.<\/p>\n<\/p>\n<p><\/p>\n<p><ul>    <\/p>\n<ul>\n<li>G\u00fcre\u015fler, Kurtdereli Mehmet Pehlivan\u2019\u0131n an\u0131s\u0131n\u0131 ya\u015fat\u0131yor.<\/li>\n<p>    <\/p>\n<li>G\u00fcre\u015fler, b\u00f6lge halk\u0131n\u0131n bir araya gelmesini sa\u011fl\u0131yor.<\/li>\n<p>    <\/p>\n<li>G\u00fcre\u015fler, geleneksel g\u00fcre\u015f k\u00fclt\u00fcr\u00fcn\u00fc ya\u015fat\u0131yor.<\/li>\n<\/ul>\n<p><\/ul><\/p>\n","protected":false},"excerpt":{"rendered":"<p>Geleneksel G\u00fcre\u015fler Co\u015fkuyla Devam Ediyor: Kurtdereli Mehmet Pehlivan An\u0131s\u0131na 65. Kurtdereli G\u00fcre\u015fleri, hem\u015fehrilerin kat\u0131l\u0131m\u0131yla b\u00fcy\u00fck bir co\u015fkuyla kutland\u0131. Bu geleneksel etkinlik, Kurtdereli Mehmet Pehlivan&#8217;\u0131n an\u0131s\u0131n\u0131 ya\u015fatmak amac\u0131yla d\u00fczenleniyor. Kurtdereli Mehmet Pehlivan Kimdir? Kurtdereli Mehmet Pehlivan, T\u00fcrkiye g\u00fcre\u015f tarihine damga vurmu\u015f,&#8230;<\/p>\n","protected":false},"author":1,"featured_media":33056,"comment_status":"closed","ping_status":"closed","sticky":false,"template":"","format":"standard","meta":{"footnotes":""},"categories":[23],"tags":[],"class_list":["post-33055","post","type-post","status-publish","format-standard","has-post-thumbnail","hentry","category-siyaset"],"_links":{"self":[{"href":"http:\/\/gazetevizyon.com\/index.php?rest_route=\/wp\/v2\/posts\/33055","targetHints":{"allow":["GET"]}}],"collection":[{"href":"http:\/\/gazetevizyon.com\/index.php?rest_route=\/wp\/v2\/posts"}],"about":[{"href":"http:\/\/gazetevizyon.com\/index.php?rest_route=\/wp\/v2\/types\/post"}],"author":[{"embeddable":true,"href":"http:\/\/gazetevizyon.com\/index.php?rest_route=\/wp\/v2\/users\/1"}],"replies":[{"embeddable":true,"href":"http:\/\/gazetevizyon.com\/index.php?rest_route=%2Fwp%2Fv2%2Fcomments&post=33055"}],"version-history":[{"count":1,"href":"http:\/\/gazetevizyon.com\/index.php?rest_route=\/wp\/v2\/posts\/33055\/revisions"}],"predecessor-version":[{"id":33060,"href":"http:\/\/gazetevizyon.com\/index.php?rest_route=\/wp\/v2\/posts\/33055\/revisions\/33060"}],"wp:featuredmedia":[{"embeddable":true,"href":"http:\/\/gazetevizyon.com\/index.php?rest_route=\/wp\/v2\/media\/33056"}],"wp:attachment":[{"href":"http:\/\/gazetevizyon.com\/index.php?rest_route=%2Fwp%2Fv2%2Fmedia&parent=33055"}],"wp:term":[{"taxonomy":"category","embeddable":true,"href":"http:\/\/gazetevizyon.com\/index.php?rest_route=%2Fwp%2Fv2%2Fcategories&post=33055"},{"taxonomy":"post_tag","embeddable":true,"href":"http:\/\/gazetevizyon.com\/index.php?rest_route=%2Fwp%2Fv2%2Ftags&post=33055"}],"curies":[{"name":"wp","href":"https:\/\/api.w.org\/{rel}","templated":true}]}}