{"id":33100,"date":"2025-08-25T14:19:41","date_gmt":"2025-08-25T14:19:41","guid":{"rendered":"http:\/\/gazetevizyon.com\/?p=33100"},"modified":"2025-08-25T14:19:41","modified_gmt":"2025-08-25T14:19:41","slug":"gonende-park-ve-otopark-sorununa-cozum-arayislari-basladi","status":"publish","type":"post","link":"http:\/\/gazetevizyon.com\/?p=33100","title":{"rendered":"G\u00f6nen&#8217;de Park ve Otopark Sorununa \u00c7\u00f6z\u00fcm Aray\u0131\u015flar\u0131 Ba\u015flad\u0131"},"content":{"rendered":"<p>\n<h2>G\u00f6nen&#8217;de Park Yeri Bulmak Zorla\u015ft\u0131<\/h2>\n<\/p>\n<p><\/p>\n<p><p>G\u00f6nen&#8217;de artan n\u00fcfus ve ara\u00e7 yo\u011funlu\u011fu, park yeri bulma sorununu \u00f6n plana \u00e7\u0131kard\u0131. \u00d6zellikle merkezi b\u00f6lgelerde park yeri bulmak giderek zorla\u015f\u0131rken, bu durum vatanda\u015flar\u0131n ya\u015fam kalitesini olumsuz etkiliyor. <strong>G\u00f6nen Belediyesi, park ve otopark sorununa kal\u0131c\u0131 \u00e7\u00f6z\u00fcmler bulmak i\u00e7in harekete ge\u00e7ti.<\/strong><\/p>\n<\/p>\n<p><\/p>\n<p><h3>Park Yeri Eksikli\u011fi Vatanda\u015flar\u0131 Dert Y\u00fck\u00fcyle B\u0131rakt\u0131<\/h3>\n<\/p>\n<p><\/p>\n<p><p>G\u00f6nen&#8217;in merkezi mahallelerinde, \u00f6zellikle pazar g\u00fcnleri ve \u00f6zel g\u00fcnlerde park yeri bulmak neredeyse imkans\u0131z hale geldi. Vatanda\u015flar, i\u015flerine veya al\u0131\u015fveri\u015flerine gitmek i\u00e7in uzun s\u00fcreler park yeri aramak zorunda kal\u0131yor. Bu durum, trafik s\u0131k\u0131\u015f\u0131kl\u0131\u011f\u0131na da yol a\u00e7arak ula\u015f\u0131m sorunlar\u0131n\u0131 derinle\u015ftiriyor.<\/p>\n<\/p>\n<p><\/p>\n<p><h3>Otopark Projeleriyle \u00c7\u00f6z\u00fcm Aray\u0131\u015f\u0131<\/h3>\n<\/p>\n<p><\/p>\n<p><p>G\u00f6nen Belediyesi, park ve otopark sorununa \u00e7\u00f6z\u00fcm bulmak amac\u0131yla \u00e7e\u015fitli projeler \u00fczerinde \u00e7al\u0131\u015f\u0131yor. Bu projeler aras\u0131nda mevcut park alanlar\u0131n\u0131n d\u00fczenlenmesi, yeni otoparklar\u0131n in\u015fa edilmesi ve mevcut otoparklar\u0131n daha verimli kullan\u0131lmas\u0131 gibi \u00e7al\u0131\u015fmalar yer al\u0131yor. <strong>Belediye yetkilileri, bu projelerin tamamlanmas\u0131yla birlikte park ve otopark sorununa \u00f6nemli \u00f6l\u00e7\u00fcde \u00e7\u00f6z\u00fcm bulunaca\u011f\u0131n\u0131 belirtiyor.<\/strong><\/p>\n<\/p>\n<p><\/p>\n<p><h3>Yeni Otopark Alanlar\u0131 \u0130n\u015fa Edilecek<\/h3>\n<\/p>\n<p><\/p>\n<p><p>G\u00f6nen Belediyesi, \u015fehir merkezine yak\u0131n ve kolay ula\u015f\u0131labilir noktalarda yeni otopark alanlar\u0131 in\u015fa etmeyi planl\u0131yor. Bu alanlar, hem ara\u00e7 sahiplerine park yeri imkan\u0131 sunacak hem de \u015fehir merkezindeki trafik yo\u011funlu\u011funu azaltmaya yard\u0131mc\u0131 olacak. <strong>Yeni otoparklar\u0131n in\u015faat ihalesi yak\u0131n zamanda yap\u0131lacak.<\/strong><\/p>\n<\/p>\n<p><\/p>\n<p><h3>Mevcut Park Alanlar\u0131n\u0131n D\u00fczenlenmesi<\/h3>\n<\/p>\n<p><\/p>\n<p><p>G\u00f6nen Belediyesi, mevcut park alanlar\u0131n\u0131n daha verimli kullan\u0131lmas\u0131 i\u00e7in \u00e7al\u0131\u015fmalar ba\u015flatt\u0131. Bu kapsamda, park alanlar\u0131ndaki trafik ak\u0131\u015f\u0131 d\u00fczenlenecek, park \u00e7izgileri yeniden \u00e7izilecek ve engelli vatanda\u015flar\u0131n kullan\u0131m\u0131na uygun park yerleri olu\u015fturulacak. <strong>Bu d\u00fczenlemeler sayesinde park alanlar\u0131n\u0131n kapasitesi art\u0131r\u0131lacak.<\/strong><\/p>\n<\/p>\n<p><\/p>\n<p><h3>Toplu Ta\u015f\u0131ma Kullan\u0131m\u0131n\u0131n Te\u015fvik Edilmesi<\/h3>\n<\/p>\n<p><\/p>\n<p><p>G\u00f6nen Belediyesi, park ve otopark sorununa \u00e7\u00f6z\u00fcm olarak toplu ta\u015f\u0131ma kullan\u0131m\u0131n\u0131n te\u015fvik edilmesini de planl\u0131yor. Bu kapsamda, toplu ta\u015f\u0131ma ara\u00e7lar\u0131n\u0131n sefer say\u0131lar\u0131 art\u0131r\u0131lacak, g\u00fczergahlar optimize edilecek ve vatanda\u015flara y\u00f6nelik kampanyalar d\u00fczenlenecek. <strong>Toplu ta\u015f\u0131ma kullan\u0131m\u0131n\u0131n artmas\u0131, \u015fehir merkezindeki ara\u00e7 yo\u011funlu\u011funu azaltarak park yeri sorununu hafifletecek.<\/strong><\/p><\/p>\n","protected":false},"excerpt":{"rendered":"<p>G\u00f6nen&#8217;de Park Yeri Bulmak Zorla\u015ft\u0131 G\u00f6nen&#8217;de artan n\u00fcfus ve ara\u00e7 yo\u011funlu\u011fu, park yeri bulma sorununu \u00f6n plana \u00e7\u0131kard\u0131. \u00d6zellikle merkezi b\u00f6lgelerde park yeri bulmak giderek zorla\u015f\u0131rken, bu durum vatanda\u015flar\u0131n ya\u015fam kalitesini olumsuz etkiliyor. G\u00f6nen Belediyesi, park ve otopark sorununa kal\u0131c\u0131&#8230;<\/p>\n","protected":false},"author":1,"featured_media":33101,"comment_status":"closed","ping_status":"closed","sticky":false,"template":"","format":"standard","meta":{"footnotes":""},"categories":[36],"tags":[],"class_list":["post-33100","post","type-post","status-publish","format-standard","has-post-thumbnail","hentry","category-manset"],"_links":{"self":[{"href":"http:\/\/gazetevizyon.com\/index.php?rest_route=\/wp\/v2\/posts\/33100","targetHints":{"allow":["GET"]}}],"collection":[{"href":"http:\/\/gazetevizyon.com\/index.php?rest_route=\/wp\/v2\/posts"}],"about":[{"href":"http:\/\/gazetevizyon.com\/index.php?rest_route=\/wp\/v2\/types\/post"}],"author":[{"embeddable":true,"href":"http:\/\/gazetevizyon.com\/index.php?rest_route=\/wp\/v2\/users\/1"}],"replies":[{"embeddable":true,"href":"http:\/\/gazetevizyon.com\/index.php?rest_route=%2Fwp%2Fv2%2Fcomments&post=33100"}],"version-history":[{"count":1,"href":"http:\/\/gazetevizyon.com\/index.php?rest_route=\/wp\/v2\/posts\/33100\/revisions"}],"predecessor-version":[{"id":33110,"href":"http:\/\/gazetevizyon.com\/index.php?rest_route=\/wp\/v2\/posts\/33100\/revisions\/33110"}],"wp:featuredmedia":[{"embeddable":true,"href":"http:\/\/gazetevizyon.com\/index.php?rest_route=\/wp\/v2\/media\/33101"}],"wp:attachment":[{"href":"http:\/\/gazetevizyon.com\/index.php?rest_route=%2Fwp%2Fv2%2Fmedia&parent=33100"}],"wp:term":[{"taxonomy":"category","embeddable":true,"href":"http:\/\/gazetevizyon.com\/index.php?rest_route=%2Fwp%2Fv2%2Fcategories&post=33100"},{"taxonomy":"post_tag","embeddable":true,"href":"http:\/\/gazetevizyon.com\/index.php?rest_route=%2Fwp%2Fv2%2Ftags&post=33100"}],"curies":[{"name":"wp","href":"https:\/\/api.w.org\/{rel}","templated":true}]}}