{"id":33153,"date":"2025-08-26T14:45:39","date_gmt":"2025-08-26T14:45:39","guid":{"rendered":"http:\/\/gazetevizyon.com\/?p=33153"},"modified":"2025-08-26T14:45:39","modified_gmt":"2025-08-26T14:45:39","slug":"erdekte-turizm-sezonu-coskusunu-koruyor","status":"publish","type":"post","link":"http:\/\/gazetevizyon.com\/?p=33153","title":{"rendered":"Erdek&#8217;te Turizm Sezonu Co\u015fkusunu Koruyor"},"content":{"rendered":"<p>\n<h2>Erdek&#8217;te Turizm Sezonu Co\u015fkusunu Koruyor<\/h2>\n<\/p>\n<p><\/p>\n<p><p>Bal\u0131kesir&#8217;in <strong>Erdek<\/strong> il\u00e7esi, 2025 y\u0131l\u0131 yaz turizm sezonunu rekor say\u0131da turist a\u011f\u0131rlayarak tamaml\u0131yor. G\u00fcney Marmara&#8217;n\u0131n g\u00fc\u00e7l\u00fc sesi olarak bilinen Yeni Erdek Gazetesi&#8217;nin haberine g\u00f6re, il\u00e7ede turizm sekt\u00f6r\u00fc bu y\u0131l beklenenden daha iyi performans sergiledi.<\/p>\n<\/p>\n<p><\/p>\n<p><h3>Turizm Gelirlerinde Art\u0131\u015f<\/h3>\n<\/p>\n<p><\/p>\n<p><p>Yeni Erdek Gazetesi&#8217;nin aktard\u0131\u011f\u0131 bilgilere g\u00f6re, <strong>Erdek<\/strong>&#8216;e gelen turist say\u0131s\u0131ndaki art\u0131\u015f, otel ve i\u015fletmelerin doluluk oranlar\u0131n\u0131 y\u00fckseltti. Bu durum, b\u00f6lge ekonomisine \u00f6nemli bir katk\u0131 sa\u011flad\u0131. \u00d6zellikle plajlar, restoranlar ve yerel d\u00fckkanlar yo\u011fun ilgi g\u00f6rd\u00fc.<\/p>\n<\/p>\n<p><\/p>\n<p><h3>Turistlerin \u0130lgi Alanlar\u0131<\/h3>\n<\/p>\n<p><\/p>\n<p><p>Turistlerin <strong>Erdek<\/strong>&#8216;i tercih etmelerinin temel nedenleri aras\u0131nda do\u011fal g\u00fczellikleri, temiz denizi ve tarihi mekanlar\u0131 bulunuyor. Ayr\u0131ca, il\u00e7enin sakin atmosferi ve yerel lezzetleri de ziyaret\u00e7ilerin ilgisini \u00e7ekiyor. Turistler taraf\u0131ndan en \u00e7ok ziyaret edilen yerler aras\u0131nda;<\/p>\n<\/p>\n<p><\/p>\n<p><ul>  <\/p>\n<ul>\n<li>Oylum Plaj\u0131<\/li>\n<p>  <\/p>\n<li>Teka\u011fa\u00e7 Plaj\u0131<\/li>\n<p>  <\/p>\n<li>Adatepe K\u00f6y\u00fc<\/li>\n<p>  <\/p>\n<li>Ball\u0131k\u00f6y<\/li>\n<\/ul>\n<p><\/ul>\n<\/p>\n<p><\/p>\n<p><h3>Yerel \u0130\u015fletmelerden Memnuniyet<\/h3>\n<\/p>\n<p><\/p>\n<p><p>Yerel i\u015fletme sahipleri, bu y\u0131lki turizm sezonunun ba\u015far\u0131l\u0131 ge\u00e7ti\u011fini ve m\u00fc\u015fteri memnuniyetinin y\u00fcksek oldu\u011funu belirtiyor. \u00d6zellikle otel i\u015fletmecileri, misafirlerin beklentilerini kar\u015f\u0131lamak i\u00e7in ellerinden geleni yapt\u0131klar\u0131n\u0131 ifade ediyor. <strong>Erdek<\/strong>&#8216;in turizm potansiyelinin daha da art\u0131r\u0131lmas\u0131 i\u00e7in \u00e7al\u0131\u015fmalar\u0131n devam etti\u011fi \u00f6\u011frenildi.<\/p>\n<\/p>\n<p><\/p>\n<p><h3>Gelecek Y\u0131l Hedefleri<\/h3>\n<\/p>\n<p><\/p>\n<p><p>Yeni Erdek Gazetesi&#8217;nin haberine g\u00f6re, gelecek y\u0131l turizm sezonunda daha fazla ziyaret\u00e7iyi a\u011f\u0131rlamak i\u00e7in \u00e7e\u015fitli \u00e7al\u0131\u015fmalar planlan\u0131yor. Bu kapsamda, il\u00e7enin tan\u0131t\u0131m\u0131n\u0131n g\u00fc\u00e7lendirilmesi ve altyap\u0131 \u00e7al\u0131\u015fmalar\u0131n\u0131n h\u0131zland\u0131r\u0131lmas\u0131 hedefleniyor.<\/p><\/p>\n","protected":false},"excerpt":{"rendered":"<p>Erdek&#8217;te Turizm Sezonu Co\u015fkusunu Koruyor Bal\u0131kesir&#8217;in Erdek il\u00e7esi, 2025 y\u0131l\u0131 yaz turizm sezonunu rekor say\u0131da turist a\u011f\u0131rlayarak tamaml\u0131yor. G\u00fcney Marmara&#8217;n\u0131n g\u00fc\u00e7l\u00fc sesi olarak bilinen Yeni Erdek Gazetesi&#8217;nin haberine g\u00f6re, il\u00e7ede turizm sekt\u00f6r\u00fc bu y\u0131l beklenenden daha iyi performans sergiledi. Turizm&#8230;<\/p>\n","protected":false},"author":1,"featured_media":33154,"comment_status":"closed","ping_status":"closed","sticky":false,"template":"","format":"standard","meta":{"footnotes":""},"categories":[36],"tags":[],"class_list":["post-33153","post","type-post","status-publish","format-standard","has-post-thumbnail","hentry","category-manset"],"_links":{"self":[{"href":"http:\/\/gazetevizyon.com\/index.php?rest_route=\/wp\/v2\/posts\/33153","targetHints":{"allow":["GET"]}}],"collection":[{"href":"http:\/\/gazetevizyon.com\/index.php?rest_route=\/wp\/v2\/posts"}],"about":[{"href":"http:\/\/gazetevizyon.com\/index.php?rest_route=\/wp\/v2\/types\/post"}],"author":[{"embeddable":true,"href":"http:\/\/gazetevizyon.com\/index.php?rest_route=\/wp\/v2\/users\/1"}],"replies":[{"embeddable":true,"href":"http:\/\/gazetevizyon.com\/index.php?rest_route=%2Fwp%2Fv2%2Fcomments&post=33153"}],"version-history":[{"count":1,"href":"http:\/\/gazetevizyon.com\/index.php?rest_route=\/wp\/v2\/posts\/33153\/revisions"}],"predecessor-version":[{"id":33163,"href":"http:\/\/gazetevizyon.com\/index.php?rest_route=\/wp\/v2\/posts\/33153\/revisions\/33163"}],"wp:featuredmedia":[{"embeddable":true,"href":"http:\/\/gazetevizyon.com\/index.php?rest_route=\/wp\/v2\/media\/33154"}],"wp:attachment":[{"href":"http:\/\/gazetevizyon.com\/index.php?rest_route=%2Fwp%2Fv2%2Fmedia&parent=33153"}],"wp:term":[{"taxonomy":"category","embeddable":true,"href":"http:\/\/gazetevizyon.com\/index.php?rest_route=%2Fwp%2Fv2%2Fcategories&post=33153"},{"taxonomy":"post_tag","embeddable":true,"href":"http:\/\/gazetevizyon.com\/index.php?rest_route=%2Fwp%2Fv2%2Ftags&post=33153"}],"curies":[{"name":"wp","href":"https:\/\/api.w.org\/{rel}","templated":true}]}}