{"id":33173,"date":"2025-08-26T20:42:30","date_gmt":"2025-08-26T20:42:30","guid":{"rendered":"http:\/\/gazetevizyon.com\/?p=33173"},"modified":"2025-08-26T20:42:30","modified_gmt":"2025-08-26T20:42:30","slug":"balikesirde-deprem-riskine-karsi-yeni-adim-baldep-projesi-tanitiliyor","status":"publish","type":"post","link":"http:\/\/gazetevizyon.com\/?p=33173","title":{"rendered":"Bal\u0131kesir&#8217;de Deprem Riskine Kar\u015f\u0131 Yeni Ad\u0131m: BALDEP Projesi Tan\u0131t\u0131l\u0131yor"},"content":{"rendered":"<p>\n<h2>Bal\u0131kesir&#8217;de Deprem Riskine Kar\u015f\u0131 Yeni Bir Proje: BALDEP<\/h2>\n<\/p>\n<p><\/p>\n<p><p><strong>Bal\u0131kesir B\u00fcy\u00fck\u015fehir Belediyesi<\/strong> \u00f6nc\u00fcl\u00fc\u011f\u00fcnde haz\u0131rlanan ve \u015fehrin gelece\u011fini g\u00fcvence alt\u0131na almay\u0131 hedefleyen <strong>BALDEP Projesi<\/strong>, yar\u0131n (27 A\u011fustos 2025) kamuoyuna tan\u0131t\u0131l\u0131yor. Proje, deprem riskine kar\u015f\u0131 Bal\u0131kesir&#8217;in daha diren\u00e7li hale gelmesini ama\u00e7l\u0131yor. <\/p>\n<\/p>\n<p><\/p>\n<p><h3>BALDEP Projesi&#8217;nin Tan\u0131t\u0131m\u0131 Ne Zaman ve Nerede?<\/h3>\n<\/p>\n<p><\/p>\n<p><p>BALDEP Projesi&#8217;nin tan\u0131t\u0131m etkinli\u011fi, <strong>Cumhuriyet Meydan\u0131<\/strong>&#8216;nda <strong>27 A\u011fustos 2025 tarihinde saat 11:00&#8217;de<\/strong> ger\u00e7ekle\u015fecek. Etkinli\u011fe t\u00fcm halk\u0131m\u0131z davetlidir. <\/p>\n<\/p>\n<p><\/p>\n<p><h3>Projenin Amac\u0131 Nedir?<\/h3>\n<\/p>\n<p><\/p>\n<p><p><strong>BALDEP Projesi<\/strong>, Bal\u0131kesir&#8217;in deprem riskine kar\u015f\u0131 direncini art\u0131rmay\u0131 ve \u015fehrin gelece\u011fini g\u00fcvence alt\u0131na almay\u0131 hedefliyor. Bu kapsamda, deprem g\u00fcvenli\u011fi ile ilgili \u00e7e\u015fitli \u00e7al\u0131\u015fmalar ve \u00f6nlemler i\u00e7eren bir yol haritas\u0131 sunulacak. Proje, Bal\u0131kesir&#8217;in deprem dayan\u0131kl\u0131l\u0131\u011f\u0131n\u0131 art\u0131rmak i\u00e7in \u00f6nemli bir ad\u0131m olarak de\u011ferlendiriliyor. <\/p>\n<\/p>\n<p><\/p>\n<p><h3>Kimler Bu Projeye Katk\u0131 Sa\u011flad\u0131?<\/h3>\n<\/p>\n<p><\/p>\n<p><p>Projenin Bal\u0131kesir B\u00fcy\u00fck\u015fehir Belediyesi taraf\u0131ndan y\u00fcr\u00fct\u00fclmesi, \u015fehrin depremle ilgili risklerin azalt\u0131lmas\u0131na y\u00f6nelik kararl\u0131l\u0131\u011f\u0131n\u0131 g\u00f6steriyor. <\/p>\n<\/p>\n<p><\/p>\n<p><h3>Projenin \u0130\u00e7eri\u011finde Neler Var?<\/h3>\n<\/p>\n<p><\/p>\n<p><p>BALDEP Projesi&#8217;nin i\u00e7eri\u011fiyle ilgili detaylar, tan\u0131t\u0131m etkinli\u011finde kamuoyuyla payla\u015f\u0131lacak. Ancak, projenin genel olarak deprem g\u00fcvenli\u011fi, yap\u0131sal iyile\u015ftirmeler ve bilin\u00e7lendirme \u00e7al\u0131\u015fmalar\u0131 gibi konular\u0131 kapsayaca\u011f\u0131 tahmin ediliyor. <\/p>\n<\/p>\n<p><\/p>\n<p><ul>  <\/p>\n<ul>\n<li>Deprem risk analizleri<\/li>\n<p>  <\/p>\n<li>Yap\u0131lar\u0131n deprem g\u00fcvenli\u011fi de\u011ferlendirmesi<\/li>\n<p>  <\/p>\n<li>\u0130mar planlar\u0131n\u0131n revize edilmesi<\/li>\n<p>  <\/p>\n<li>Binalar\u0131n g\u00fc\u00e7lendirilmesi<\/li>\n<p>  <\/p>\n<li>Halk\u0131n deprem bilinci ve haz\u0131rl\u0131klar\u0131n\u0131n art\u0131r\u0131lmas\u0131<\/li>\n<\/ul>\n<p><\/ul><\/p>\n","protected":false},"excerpt":{"rendered":"<p>Bal\u0131kesir&#8217;de Deprem Riskine Kar\u015f\u0131 Yeni Bir Proje: BALDEP Bal\u0131kesir B\u00fcy\u00fck\u015fehir Belediyesi \u00f6nc\u00fcl\u00fc\u011f\u00fcnde haz\u0131rlanan ve \u015fehrin gelece\u011fini g\u00fcvence alt\u0131na almay\u0131 hedefleyen BALDEP Projesi, yar\u0131n (27 A\u011fustos 2025) kamuoyuna tan\u0131t\u0131l\u0131yor. Proje, deprem riskine kar\u015f\u0131 Bal\u0131kesir&#8217;in daha diren\u00e7li hale gelmesini ama\u00e7l\u0131yor. BALDEP Projesi&#8217;nin&#8230;<\/p>\n","protected":false},"author":1,"featured_media":33174,"comment_status":"closed","ping_status":"closed","sticky":false,"template":"","format":"standard","meta":{"footnotes":""},"categories":[23],"tags":[],"class_list":["post-33173","post","type-post","status-publish","format-standard","has-post-thumbnail","hentry","category-siyaset"],"_links":{"self":[{"href":"http:\/\/gazetevizyon.com\/index.php?rest_route=\/wp\/v2\/posts\/33173","targetHints":{"allow":["GET"]}}],"collection":[{"href":"http:\/\/gazetevizyon.com\/index.php?rest_route=\/wp\/v2\/posts"}],"about":[{"href":"http:\/\/gazetevizyon.com\/index.php?rest_route=\/wp\/v2\/types\/post"}],"author":[{"embeddable":true,"href":"http:\/\/gazetevizyon.com\/index.php?rest_route=\/wp\/v2\/users\/1"}],"replies":[{"embeddable":true,"href":"http:\/\/gazetevizyon.com\/index.php?rest_route=%2Fwp%2Fv2%2Fcomments&post=33173"}],"version-history":[{"count":1,"href":"http:\/\/gazetevizyon.com\/index.php?rest_route=\/wp\/v2\/posts\/33173\/revisions"}],"predecessor-version":[{"id":33179,"href":"http:\/\/gazetevizyon.com\/index.php?rest_route=\/wp\/v2\/posts\/33173\/revisions\/33179"}],"wp:featuredmedia":[{"embeddable":true,"href":"http:\/\/gazetevizyon.com\/index.php?rest_route=\/wp\/v2\/media\/33174"}],"wp:attachment":[{"href":"http:\/\/gazetevizyon.com\/index.php?rest_route=%2Fwp%2Fv2%2Fmedia&parent=33173"}],"wp:term":[{"taxonomy":"category","embeddable":true,"href":"http:\/\/gazetevizyon.com\/index.php?rest_route=%2Fwp%2Fv2%2Fcategories&post=33173"},{"taxonomy":"post_tag","embeddable":true,"href":"http:\/\/gazetevizyon.com\/index.php?rest_route=%2Fwp%2Fv2%2Ftags&post=33173"}],"curies":[{"name":"wp","href":"https:\/\/api.w.org\/{rel}","templated":true}]}}