{"id":33180,"date":"2025-08-27T02:33:57","date_gmt":"2025-08-27T02:33:57","guid":{"rendered":"http:\/\/gazetevizyon.com\/?p=33180"},"modified":"2025-08-27T02:33:57","modified_gmt":"2025-08-27T02:33:57","slug":"ak-parti-karesi-danisma-meclisi-toplantisi-istisare-ve-birlik-mesaji","status":"publish","type":"post","link":"http:\/\/gazetevizyon.com\/?p=33180","title":{"rendered":"AK Parti Karesi Dan\u0131\u015fma Meclisi Toplant\u0131s\u0131: \u0130sti\u015fare ve Birlik Mesaj\u0131"},"content":{"rendered":"<p>\n<h2>Karesi&#8217;de AK Parti Dan\u0131\u015fma Meclisi Toplant\u0131s\u0131 Yap\u0131ld\u0131<\/h2>\n<\/p>\n<p><\/p>\n<p>AK Parti Karesi \u0130l\u00e7e Dan\u0131\u015fma Meclisi, te\u015fkilat\u0131n kat\u0131l\u0131m\u0131yla ger\u00e7ekle\u015ftirilen bir toplant\u0131yla topland\u0131. Toplant\u0131da, <strong>milletin beklentileri ve talepleri<\/strong> merkeze al\u0131narak, il\u00e7e ve b\u00f6lge i\u00e7in al\u0131nacak stratejik kararlar ele al\u0131nd\u0131.<\/p>\n<p><\/p>\n<p><h3>\u0130sti\u015fareye \u00d6nem Veriliyor<\/h3>\n<\/p>\n<p><\/p>\n<p>AK Parti te\u015fkilatlar\u0131 olarak isti\u015fareye b\u00fcy\u00fck \u00f6nem verildi\u011fi belirtildi. Parti yetkilileri, her zaman \u015feffafl\u0131k ve kat\u0131l\u0131mc\u0131l\u0131k ilkelerine ba\u011fl\u0131 kalarak, karar alma s\u00fcre\u00e7lerinde farkl\u0131 g\u00f6r\u00fc\u015flere yer verdiklerini ifade etti. Bu t\u00fcr toplant\u0131lar\u0131n, <strong>karar alma mekanizmalar\u0131n\u0131 g\u00fc\u00e7lendirdi\u011fi<\/strong> ve daha kapsay\u0131c\u0131 politikalar olu\u015fturulmas\u0131na katk\u0131 sa\u011flad\u0131\u011f\u0131 vurguland\u0131.<\/p>\n<p><\/p>\n<p><h3>Birlik ve Beraberlik Vurgusu<\/h3>\n<\/p>\n<p><\/p>\n<p>Toplant\u0131da, Karesi ve Bal\u0131kesir i\u00e7in birlik ve beraberlik i\u00e7inde \u00e7al\u0131\u015fmaya devam edeceklerine dair bir mesaj verildi. <strong>Te\u015fkilat\u0131n uyumu ve dayan\u0131\u015fmas\u0131<\/strong>, b\u00f6lgenin kalk\u0131nmas\u0131 ve refah\u0131 i\u00e7in kritik \u00f6neme sahip oldu\u011fu belirtildi.<\/p>\n<p><\/p>\n<p><h3>Gelecek Hedefler<\/h3>\n<\/p>\n<p><\/p>\n<p>Toplant\u0131da ayr\u0131ca, \u00f6n\u00fcm\u00fczdeki d\u00f6nemde yap\u0131lacak \u00e7al\u0131\u015fmalarla ilgili de de\u011ferlendirmeler yap\u0131ld\u0131. Bu kapsamda:<\/p>\n<p><\/p>\n<p><ul>  <\/p>\n<ul>\n<li>B\u00f6lgesel kalk\u0131nma projeleri ele al\u0131nd\u0131.<\/li>\n<p>  <\/p>\n<li>Yerel y\u00f6netimlerle i\u015fbirli\u011fi olanaklar\u0131 de\u011ferlendirildi.<\/li>\n<p>  <\/p>\n<li>Halk\u0131n ihtiya\u00e7lar\u0131na y\u00f6nelik yeni \u00e7\u00f6z\u00fcm \u00f6nerileri tart\u0131\u015f\u0131ld\u0131.<\/li>\n<\/ul>\n<p><\/ul>\n<\/p>\n<p><\/p>\n<p>Parti yetkilileri, bu toplant\u0131n\u0131n, Karesi ve Bal\u0131kesir&#8217;in daha g\u00fc\u00e7l\u00fc bir gelece\u011fe sahip olmas\u0131 i\u00e7in at\u0131lan \u00f6nemli bir ad\u0131m oldu\u011funu belirtti. <strong>Yerel halk\u0131n beklentilerini kar\u015f\u0131lamak<\/strong> ve b\u00f6lgeye hizmet etmek i\u00e7in var g\u00fc\u00e7leriyle \u00e7al\u0131\u015fmaya devam edeceklerine vurgu yap\u0131ld\u0131.<\/p><\/p>\n","protected":false},"excerpt":{"rendered":"<p>Karesi&#8217;de AK Parti Dan\u0131\u015fma Meclisi Toplant\u0131s\u0131 Yap\u0131ld\u0131 AK Parti Karesi \u0130l\u00e7e Dan\u0131\u015fma Meclisi, te\u015fkilat\u0131n kat\u0131l\u0131m\u0131yla ger\u00e7ekle\u015ftirilen bir toplant\u0131yla topland\u0131. Toplant\u0131da, milletin beklentileri ve talepleri merkeze al\u0131narak, il\u00e7e ve b\u00f6lge i\u00e7in al\u0131nacak stratejik kararlar ele al\u0131nd\u0131. \u0130sti\u015fareye \u00d6nem Veriliyor AK Parti&#8230;<\/p>\n","protected":false},"author":1,"featured_media":33181,"comment_status":"closed","ping_status":"closed","sticky":false,"template":"","format":"standard","meta":{"footnotes":""},"categories":[23],"tags":[],"class_list":["post-33180","post","type-post","status-publish","format-standard","has-post-thumbnail","hentry","category-siyaset"],"_links":{"self":[{"href":"http:\/\/gazetevizyon.com\/index.php?rest_route=\/wp\/v2\/posts\/33180","targetHints":{"allow":["GET"]}}],"collection":[{"href":"http:\/\/gazetevizyon.com\/index.php?rest_route=\/wp\/v2\/posts"}],"about":[{"href":"http:\/\/gazetevizyon.com\/index.php?rest_route=\/wp\/v2\/types\/post"}],"author":[{"embeddable":true,"href":"http:\/\/gazetevizyon.com\/index.php?rest_route=\/wp\/v2\/users\/1"}],"replies":[{"embeddable":true,"href":"http:\/\/gazetevizyon.com\/index.php?rest_route=%2Fwp%2Fv2%2Fcomments&post=33180"}],"version-history":[{"count":1,"href":"http:\/\/gazetevizyon.com\/index.php?rest_route=\/wp\/v2\/posts\/33180\/revisions"}],"predecessor-version":[{"id":33184,"href":"http:\/\/gazetevizyon.com\/index.php?rest_route=\/wp\/v2\/posts\/33180\/revisions\/33184"}],"wp:featuredmedia":[{"embeddable":true,"href":"http:\/\/gazetevizyon.com\/index.php?rest_route=\/wp\/v2\/media\/33181"}],"wp:attachment":[{"href":"http:\/\/gazetevizyon.com\/index.php?rest_route=%2Fwp%2Fv2%2Fmedia&parent=33180"}],"wp:term":[{"taxonomy":"category","embeddable":true,"href":"http:\/\/gazetevizyon.com\/index.php?rest_route=%2Fwp%2Fv2%2Fcategories&post=33180"},{"taxonomy":"post_tag","embeddable":true,"href":"http:\/\/gazetevizyon.com\/index.php?rest_route=%2Fwp%2Fv2%2Ftags&post=33180"}],"curies":[{"name":"wp","href":"https:\/\/api.w.org\/{rel}","templated":true}]}}