{"id":33212,"date":"2025-08-28T08:21:32","date_gmt":"2025-08-28T08:21:32","guid":{"rendered":"http:\/\/gazetevizyon.com\/?p=33212"},"modified":"2025-08-28T08:21:32","modified_gmt":"2025-08-28T08:21:32","slug":"balikesir-buyuksehir-belediyesi-pir-sultan-abdal-anma-etkinligine-katildi","status":"publish","type":"post","link":"http:\/\/gazetevizyon.com\/?p=33212","title":{"rendered":"Bal\u0131kesir B\u00fcy\u00fck\u015fehir Belediyesi, Pir Sultan Abdal Anma Etkinli\u011fine Kat\u0131ld\u0131"},"content":{"rendered":"<p>\n<h2>Bal\u0131kesir B\u00fcy\u00fck\u015fehir Belediyesi, Pir Sultan Abdal&#8217;\u0131 And\u0131<\/h2>\n<\/p>\n<p><\/p>\n<p><p><strong>Bal\u0131kesir B\u00fcy\u00fck\u015fehir Belediyesi<\/strong>, Pir Sultan Abdal K\u00fclt\u00fcr Derne\u011fi taraf\u0131ndan d\u00fczenlenen Pir Sultan Abdal&#8217;\u0131 Anma Etkinlikleri\u2019ne kat\u0131larak, birlik ve beraberlik mesaj\u0131 verdi. Etkinlikte konu\u015fan Belediye Ba\u015fkan\u0131 Ahmet Ak\u0131n, adaletin \u00f6nemini vurgulad\u0131.<\/p>\n<\/p>\n<p><\/p>\n<p><h3>Pir Sultan Abdal\u2019\u0131n Miras\u0131 Ya\u015fat\u0131l\u0131yor<\/h3>\n<\/p>\n<p><\/p>\n<p><p>Pir Sultan Abdal K\u00fclt\u00fcr Derne\u011fi\u2019nin geleneksel olarak d\u00fczenledi\u011fi anma etkinliklerine kat\u0131lan Ba\u015fkan Ak\u0131n, Pir Sultan Abdal\u2019\u0131n adalet ve e\u015fitlik m\u00fccadelesini hat\u0131rlatarak, bu de\u011ferlere sahip olduklar\u0131n\u0131 belirtti. <\/p>\n<\/p>\n<p><\/p>\n<p><h3>Dayan\u0131\u015fma ve Karde\u015flik Vurgusu<\/h3>\n<\/p>\n<p><\/p>\n<p><p>Ba\u015fkan Ak\u0131n, yapt\u0131\u011f\u0131 konu\u015fmada Pir Sultan Abdal&#8217;\u0131n miras\u0131n\u0131 ya\u015fatman\u0131n \u00f6nemine de\u011finerek, &#8220;Pir Sultan Abdal gibi adalet i\u00e7in y\u00fcr\u00fcmeye, karde\u015f\u00e7e ve dayan\u0131\u015fma ruhuyla ya\u015famaya devam edece\u011fiz&#8221; dedi. Bu ifadeler, <strong>bal\u0131kesir belediyesi<\/strong>\u2019nin sosyal sorumluluk anlay\u0131\u015f\u0131n\u0131 ve toplumsal de\u011ferlere verdi\u011fi \u00f6nemi g\u00f6steriyor.<\/p>\n<\/p>\n<p><\/p>\n<p><h3>Etkinlikte Eme\u011fi Ge\u00e7enlere Te\u015fekk\u00fcr<\/h3>\n<\/p>\n<p><\/p>\n<p><p>Etkinlikte eme\u011fi ge\u00e7en herkese te\u015fekk\u00fcr eden Ba\u015fkan Ak\u0131n, &#8220;Bu de\u011ferli etkinlikte eme\u011fi ge\u00e7en herkese te\u015fekk\u00fcr ediyorum. Birlik ve beraberli\u011fimiz daim olsun&#8221; \u015feklinde konu\u015ftu. Bu t\u00fcr etkinliklerin, toplumsal ba\u011flar\u0131 g\u00fc\u00e7lendirdi\u011fini ve farkl\u0131 k\u00fclt\u00fcrlerin bir arada ya\u015famas\u0131n\u0131 sa\u011flad\u0131\u011f\u0131n\u0131 ifade etti.<\/p>\n<\/p>\n<p><\/p>\n<p><h3>Bal\u0131kesir\u2019de Birlik ve Beraberlik<\/h3>\n<\/p>\n<p><\/p>\n<p><p><strong>Bal\u0131kesir<\/strong> B\u00fcy\u00fck\u015fehir Belediyesi&#8217;nin bu etkinli\u011fe kat\u0131l\u0131m\u0131, \u015fehrin farkl\u0131 k\u00fclt\u00fcrlere ve inan\u00e7lara sayg\u0131 g\u00f6steren bir y\u00f6netim anlay\u0131\u015f\u0131n\u0131 yans\u0131t\u0131yor. Bu t\u00fcr etkinlikler, <strong>bal\u0131kesir<\/strong>&#8216;de birlik ve beraberli\u011fin peki\u015ftirilmesine katk\u0131da bulunuyor.<\/p>\n<\/p>\n<p><\/p>\n<p><ul><\/p>\n<ul>\n<li><strong>Etkinlik Amac\u0131:<\/strong> Pir Sultan Abdal&#8217;\u0131 anmak ve onun ideallerini gelecek nesillere aktarmak.<\/li>\n<p><\/p>\n<li><strong>Kat\u0131l\u0131mc\u0131lar:<\/strong> Pir Sultan Abdal K\u00fclt\u00fcr Derne\u011fi \u00fcyeleri ve <strong>Bal\u0131kesir B\u00fcy\u00fck\u015fehir Belediyesi<\/strong> yetkilileri.<\/li>\n<p><\/p>\n<li><strong>Mesaj:<\/strong> Adalet, karde\u015flik ve dayan\u0131\u015fma ruhunu ya\u015fatmak.<\/li>\n<\/ul>\n<p><\/ul><\/p>\n","protected":false},"excerpt":{"rendered":"<p>Bal\u0131kesir B\u00fcy\u00fck\u015fehir Belediyesi, Pir Sultan Abdal&#8217;\u0131 And\u0131 Bal\u0131kesir B\u00fcy\u00fck\u015fehir Belediyesi, Pir Sultan Abdal K\u00fclt\u00fcr Derne\u011fi taraf\u0131ndan d\u00fczenlenen Pir Sultan Abdal&#8217;\u0131 Anma Etkinlikleri\u2019ne kat\u0131larak, birlik ve beraberlik mesaj\u0131 verdi. Etkinlikte konu\u015fan Belediye Ba\u015fkan\u0131 Ahmet Ak\u0131n, adaletin \u00f6nemini vurgulad\u0131. Pir Sultan Abdal\u2019\u0131n&#8230;<\/p>\n","protected":false},"author":1,"featured_media":33213,"comment_status":"closed","ping_status":"closed","sticky":false,"template":"","format":"standard","meta":{"footnotes":""},"categories":[36],"tags":[],"class_list":["post-33212","post","type-post","status-publish","format-standard","has-post-thumbnail","hentry","category-manset"],"_links":{"self":[{"href":"http:\/\/gazetevizyon.com\/index.php?rest_route=\/wp\/v2\/posts\/33212","targetHints":{"allow":["GET"]}}],"collection":[{"href":"http:\/\/gazetevizyon.com\/index.php?rest_route=\/wp\/v2\/posts"}],"about":[{"href":"http:\/\/gazetevizyon.com\/index.php?rest_route=\/wp\/v2\/types\/post"}],"author":[{"embeddable":true,"href":"http:\/\/gazetevizyon.com\/index.php?rest_route=\/wp\/v2\/users\/1"}],"replies":[{"embeddable":true,"href":"http:\/\/gazetevizyon.com\/index.php?rest_route=%2Fwp%2Fv2%2Fcomments&post=33212"}],"version-history":[{"count":1,"href":"http:\/\/gazetevizyon.com\/index.php?rest_route=\/wp\/v2\/posts\/33212\/revisions"}],"predecessor-version":[{"id":33215,"href":"http:\/\/gazetevizyon.com\/index.php?rest_route=\/wp\/v2\/posts\/33212\/revisions\/33215"}],"wp:featuredmedia":[{"embeddable":true,"href":"http:\/\/gazetevizyon.com\/index.php?rest_route=\/wp\/v2\/media\/33213"}],"wp:attachment":[{"href":"http:\/\/gazetevizyon.com\/index.php?rest_route=%2Fwp%2Fv2%2Fmedia&parent=33212"}],"wp:term":[{"taxonomy":"category","embeddable":true,"href":"http:\/\/gazetevizyon.com\/index.php?rest_route=%2Fwp%2Fv2%2Fcategories&post=33212"},{"taxonomy":"post_tag","embeddable":true,"href":"http:\/\/gazetevizyon.com\/index.php?rest_route=%2Fwp%2Fv2%2Ftags&post=33212"}],"curies":[{"name":"wp","href":"https:\/\/api.w.org\/{rel}","templated":true}]}}