{"id":33219,"date":"2025-08-28T14:21:58","date_gmt":"2025-08-28T14:21:58","guid":{"rendered":"http:\/\/gazetevizyon.com\/?p=33219"},"modified":"2025-08-28T14:21:58","modified_gmt":"2025-08-28T14:21:58","slug":"gonendeki-okullar-denetimli-serbestlik-destegiyle-hazir-hale-goturuldu","status":"publish","type":"post","link":"http:\/\/gazetevizyon.com\/?p=33219","title":{"rendered":"G\u00f6nen&#8217;deki Okullar, Denetimli Serbestlik Deste\u011fiyle Haz\u0131r Hale Goturuldu"},"content":{"rendered":"<p>\n<h2>G\u00f6nen&#8217;de E\u011fitim Kurumlar\u0131na Denetimli Serbestlik Deste\u011fi<\/h2>\n<\/p>\n<p><\/p>\n<p>G\u00f6nen&#8217;deki okullar, Band\u0131rma Denetimli Serbestlik M\u00fcd\u00fcrl\u00fc\u011f\u00fc&#8217;n\u00fcn ba\u015flatt\u0131\u011f\u0131 kamuya yararl\u0131 \u00e7al\u0131\u015fma projesiyle yeni e\u011fitim \u00f6\u011fretim y\u0131l\u0131na haz\u0131r hale getirildi. Bu kapsamda, y\u00fck\u00fcml\u00fcler taraf\u0131ndan g\u00f6n\u00fcll\u00fc olarak yap\u0131lan \u00e7al\u0131\u015fmalarla okullardaki fiziki ko\u015fullar iyile\u015ftirildi.<\/p>\n<p><\/p>\n<p><h3>Kamuya Yararl\u0131 \u00c7al\u0131\u015fmalarla Okullar Yenilendi<\/h3>\n<\/p>\n<p><\/p>\n<p>Band\u0131rma Denetimli Serbestlik M\u00fcd\u00fcrl\u00fc\u011f\u00fc\u2019n\u00fcn uygulad\u0131\u011f\u0131 kamuya yararl\u0131 \u00e7al\u0131\u015fma program\u0131 \u00e7er\u00e7evesinde, G\u00f6nen il\u00e7esindeki okullarda yaz tatili boyunca yo\u011fun bir \u00e7al\u0131\u015fma temposu ya\u015fand\u0131. <strong>Bu \u00e7al\u0131\u015fma, topluma kazand\u0131rma ve iyile\u015ftirme amac\u0131 ta\u015f\u0131yor.<\/strong><\/p>\n<p><\/p>\n<p><h3>Hangi Okullarda \u00c7al\u0131\u015fma Yap\u0131ld\u0131?<\/h3>\n<\/p>\n<p><\/p>\n<p>\u00c7al\u0131\u015fmalar, \u00f6zellikle Mehmet Akif Ersoy \u0130lk\u00f6\u011fretim Okulu ve Kadir \u00c7\u00f6ker Ortaokulu ba\u015fta olmak \u00fczere toplamda 8 okulda ger\u00e7ekle\u015ftirildi. Yap\u0131lan i\u015fler aras\u0131nda \u015funlar yer ald\u0131:<\/p>\n<p><\/p>\n<p><ul>  <\/p>\n<ul>\n<li>Boya badana<\/li>\n<p>  <\/p>\n<li>Masa ve s\u0131ralar\u0131n ta\u015f\u0131nmas\u0131<\/li>\n<p>  <\/p>\n<li>\u00c7evre temizli\u011fi<\/li>\n<p>  <\/p>\n<li>Koridorlar\u0131n y\u0131kanmas\u0131<\/li>\n<p>  <\/p>\n<li>A\u011fa\u00e7 budama<\/li>\n<p>  <\/p>\n<li>\u00c7\u00f6p ve molozlar\u0131n ta\u015f\u0131nmas\u0131<\/li>\n<\/ul>\n<p><\/ul>\n<\/p>\n<p><\/p>\n<p><h3>40 Y\u00fck\u00fcml\u00fc G\u00f6n\u00fcll\u00fc Oldu<\/h3>\n<\/p>\n<p><\/p>\n<p>Yakla\u015f\u0131k 40 y\u00fck\u00fcml\u00fcn\u00fcn kat\u0131l\u0131m\u0131yla ger\u00e7ekle\u015ftirilen bu 3 ayl\u0131k s\u00fcre\u00e7te, G\u00f6nen&#8217;deki okullar yeni e\u011fitim \u00f6\u011fretim y\u0131l\u0131na sorunsuz bir \u015fekilde haz\u0131rlanm\u0131\u015f oldu. <strong>Bu sayede, okullar\u0131n fiziki altyap\u0131s\u0131 g\u00fc\u00e7lendirildi ve \u00f6\u011frenciler i\u00e7in daha iyi bir \u00f6\u011frenme ortam\u0131 sa\u011fland\u0131.<\/strong><\/p><\/p>\n","protected":false},"excerpt":{"rendered":"<p>G\u00f6nen&#8217;de E\u011fitim Kurumlar\u0131na Denetimli Serbestlik Deste\u011fi G\u00f6nen&#8217;deki okullar, Band\u0131rma Denetimli Serbestlik M\u00fcd\u00fcrl\u00fc\u011f\u00fc&#8217;n\u00fcn ba\u015flatt\u0131\u011f\u0131 kamuya yararl\u0131 \u00e7al\u0131\u015fma projesiyle yeni e\u011fitim \u00f6\u011fretim y\u0131l\u0131na haz\u0131r hale getirildi. Bu kapsamda, y\u00fck\u00fcml\u00fcler taraf\u0131ndan g\u00f6n\u00fcll\u00fc olarak yap\u0131lan \u00e7al\u0131\u015fmalarla okullardaki fiziki ko\u015fullar iyile\u015ftirildi. Kamuya Yararl\u0131 \u00c7al\u0131\u015fmalarla Okullar&#8230;<\/p>\n","protected":false},"author":1,"featured_media":33220,"comment_status":"closed","ping_status":"closed","sticky":false,"template":"","format":"standard","meta":{"footnotes":""},"categories":[36],"tags":[],"class_list":["post-33219","post","type-post","status-publish","format-standard","has-post-thumbnail","hentry","category-manset"],"_links":{"self":[{"href":"http:\/\/gazetevizyon.com\/index.php?rest_route=\/wp\/v2\/posts\/33219","targetHints":{"allow":["GET"]}}],"collection":[{"href":"http:\/\/gazetevizyon.com\/index.php?rest_route=\/wp\/v2\/posts"}],"about":[{"href":"http:\/\/gazetevizyon.com\/index.php?rest_route=\/wp\/v2\/types\/post"}],"author":[{"embeddable":true,"href":"http:\/\/gazetevizyon.com\/index.php?rest_route=\/wp\/v2\/users\/1"}],"replies":[{"embeddable":true,"href":"http:\/\/gazetevizyon.com\/index.php?rest_route=%2Fwp%2Fv2%2Fcomments&post=33219"}],"version-history":[{"count":1,"href":"http:\/\/gazetevizyon.com\/index.php?rest_route=\/wp\/v2\/posts\/33219\/revisions"}],"predecessor-version":[{"id":33231,"href":"http:\/\/gazetevizyon.com\/index.php?rest_route=\/wp\/v2\/posts\/33219\/revisions\/33231"}],"wp:featuredmedia":[{"embeddable":true,"href":"http:\/\/gazetevizyon.com\/index.php?rest_route=\/wp\/v2\/media\/33220"}],"wp:attachment":[{"href":"http:\/\/gazetevizyon.com\/index.php?rest_route=%2Fwp%2Fv2%2Fmedia&parent=33219"}],"wp:term":[{"taxonomy":"category","embeddable":true,"href":"http:\/\/gazetevizyon.com\/index.php?rest_route=%2Fwp%2Fv2%2Fcategories&post=33219"},{"taxonomy":"post_tag","embeddable":true,"href":"http:\/\/gazetevizyon.com\/index.php?rest_route=%2Fwp%2Fv2%2Ftags&post=33219"}],"curies":[{"name":"wp","href":"https:\/\/api.w.org\/{rel}","templated":true}]}}