{"id":3322,"date":"2019-03-18T11:32:13","date_gmt":"2019-03-18T11:32:13","guid":{"rendered":"http:\/\/gazetevizyon.com\/?p=3322"},"modified":"2019-03-18T11:32:14","modified_gmt":"2019-03-18T11:32:14","slug":"medya-atolyesi-acilis-toreni","status":"publish","type":"post","link":"http:\/\/gazetevizyon.com\/?p=3322","title":{"rendered":"MEDYA AT\u00d6LYES\u0130 A\u00c7ILI\u015e T\u00d6REN\u0130"},"content":{"rendered":"\n<p>G\u00fcney Marmara Kalk\u0131nma Ajans\u0131 2018 Mesleki E\u011fitimin Geli\u015ftirilmesi Destek Program\u0131 kapsam\u0131nda kabul edilen \u201cMasa\u00fcst\u00fc Yay\u0131nc\u0131l\u0131\u011f\u0131n Okul Bazl\u0131 Entegrasyonu\u201d projesi kapsam\u0131nda Alt\u0131eyl\u00fcl Mehmet Vehbi Bolak Mesleki ve Teknik Anadolu Lisesinde kurulan Medya At\u00f6lyesi\u2019nin a\u00e7\u0131l\u0131\u015f\u0131 \u0130l Mill\u00ee E\u011fitim M\u00fcd\u00fcr\u00fc Yakup Y\u0131ld\u0131z\u2019\u0131n kat\u0131l\u0131mlar\u0131yla ger\u00e7ekle\u015ftirildi. &nbsp;<\/p>\n\n\n\n<p>15 Mart 2019 Cuma g\u00fcn\u00fc Alt\u0131eyl\u00fcl Mehmet Vehbi Bolak Mesleki ve Teknik Anadolu Lisesinde ger\u00e7ekle\u015ftirilen t\u00f6rene \u0130l Mill\u00ee E\u011fitim M\u00fcd\u00fcr\u00fc Yakup Y\u0131ld\u0131z, Alt\u0131eyl\u00fcl \u0130l\u00e7e Mill\u00ee E\u011fitim M\u00fcd\u00fcr\u00fc \u0130brahim \u00c7elik, \u0130l Mill\u00ee E\u011fitim M\u00fcd\u00fcr Yard\u0131mc\u0131s\u0131 \u00d6zcan \u00d6zen, \u0130l Mill\u00ee E\u011fitim \u015eube M\u00fcd\u00fcrleri \u0130slam Aktepe ve \u0130brahim Bayar, idareci, \u00f6\u011fretmen ve \u00f6\u011frenciler kat\u0131ld\u0131.<\/p>\n\n\n\n<p>Sayg\u0131 duru\u015fu ve \u0130stikl\u00e2l Mar\u015f\u0131n\u0131n ard\u0131ndan program\u0131n a\u00e7\u0131l\u0131\u015f konu\u015fmas\u0131n\u0131 ger\u00e7ekle\u015ftiren Okul M\u00fcd\u00fcr\u00fc Deniz Eri\u015f:&nbsp;<strong>\u201cOkulumuz, G\u00fcney Marmara Kalk\u0131nma Ajans\u0131n\u0131n 2018 Mesleki E\u011fitimin Geli\u015ftirilmesi Destek Program\u0131ndan \u201cMasa\u00fcst\u00fc Yay\u0131nc\u0131l\u0131\u011f\u0131n Okul Bazl\u0131 Entegrasyonu\u201d projesi ile 2018 Haziran ay\u0131nda destek almaya hak kazanarak proje faaliyetlerine 2018 A\u011fustos ay\u0131 itibariyle ba\u015flam\u0131\u015ft\u0131r. 225.000 TL\u2019lik b\u00fct\u00e7eye sahip projemiz \u00e7er\u00e7evesinde okulumuzda Medya At\u00f6lyesi d\u00fczenlenmi\u015ftir.<\/strong><\/p>\n\n\n\n<p><strong>Tekno-k\u00fclt\u00fcrel de\u011fi\u015fim s\u00fcrecinde sekt\u00f6r\u00fcn ve \u00e7a\u011f\u0131n ihtiyac\u0131 do\u011frultusunda yeni medya uygulamalar\u0131na uyumlu niteli\u011fi artt\u0131r\u0131lm\u0131\u015f \u00f6\u011frencilerin yeti\u015ftirilmesine imk\u00e2n sa\u011flamak amac\u0131yla haz\u0131rlad\u0131\u011f\u0131m\u0131z ve uygulamaya ba\u015flad\u0131\u011f\u0131m\u0131z proje \u00e7er\u00e7evesinde \u00f6\u011frencilerimiz teknolojik yap\u0131s\u0131 g\u00fc\u00e7lendirilmi\u015f bir at\u00f6lye ile st\u00fcdyo ortam\u0131na kavu\u015fmu\u015flard\u0131r. Proje kapsam\u0131ndaki Mesleki E\u011fitim Gezileri sayesinde TRT \u0130stanbul M\u00fcd\u00fcrl\u00fc\u011f\u00fc ziyaret edilerek \u00f6\u011frencilerin ulusal bir bas\u0131n \u00e7al\u0131\u015fmas\u0131n\u0131 izleme f\u0131rsat\u0131 sa\u011flanm\u0131\u015f, \u0130stanbul \u00dcniversitesi ve Ege \u00dcniversitesi \u0130leti\u015fim Fak\u00fcltelerinin st\u00fcdyolar\u0131 gezilerek fark\u0131ndal\u0131k olu\u015fturma \u00e7al\u0131\u015fmas\u0131 yap\u0131lm\u0131\u015ft\u0131r.\u201d<\/strong>&nbsp;dedi.<\/p>\n\n\n\n<p><strong>YARINLARIMIZ BUG\u00dcN\u00dcM\u00dcZDEN DAHA G\u00dcZEL OLACAK<\/strong><\/p>\n\n\n\n<p>\u0130l Mill\u00ee E\u011fitim M\u00fcd\u00fcr\u00fc Say\u0131n Yakup Y\u0131ld\u0131z:&nbsp;<strong>\u201cBug\u00fcn en mutlu oldu\u011fum g\u00fcnlerden biri. B\u00f6ylesine g\u00fczel bir at\u00f6lyenin a\u00e7\u0131l\u0131\u015f\u0131nda bulunmak, b\u00f6ylesine g\u00fczel bir \u00e7al\u0131\u015fmaya \u015fahit olmak beni ziyadesi ile mutlu etti.<\/strong><\/p>\n\n\n\n<p><strong>Bakan\u0131m\u0131z Say\u0131n Ziya Sel\u00e7uk\u2019un himayelerinde hayata ge\u00e7irilen 2023 E\u011fitim Vizyonunun hi\u00e7 \u015f\u00fcphesiz en \u00f6nemli konu ba\u015fl\u0131klar\u0131ndan biri, Mesleki ve Teknik E\u011fitim. Mesleki ve teknik e\u011fitime atfedilen de\u011ferin art\u0131r\u0131lmas\u0131 ad\u0131na bir\u00e7ok g\u00fczel \u00e7al\u0131\u015fma y\u00fcr\u00fct\u00fcld\u00fc, y\u00fcr\u00fct\u00fclmeye de devam ediliyor.<\/strong><\/p>\n\n\n\n<p><strong>Mesleki e\u011fitim kurumlar\u0131nda teknolojiyi kullanarak e\u011fitimde kalite ve niteli\u011fi artt\u0131rmak, maliyeti y\u00fcksek olan uygulay\u0131c\u0131 e\u011fitimler vererek \u00f6\u011frencilerimize gerekli donan\u0131m\u0131 kazand\u0131rmak amac\u0131yla Mehmet Vehbi Bolak Mesleki ve Teknik Anadolu Lisemiz b\u00fcnyesinde olu\u015fturulan bu medya at\u00f6lyesinin, mesleki e\u011fitimin g\u00fc\u00e7lendirilmesi ad\u0131na \u00e7ok de\u011ferli ve \u00f6nemli oldu\u011funa inan\u0131yor; bu g\u00fczel projenin hayat bulmas\u0131ndaki de\u011ferli katk\u0131lar\u0131 nedeniyle Okul M\u00fcd\u00fcr\u00fcm\u00fcz Deniz Eri\u015f\u2019in&nbsp;\u015fahs\u0131nda eme\u011fi ge\u00e7en b\u00fct\u00fcn \u00f6\u011fretmenlerimize te\u015fekk\u00fcr\u00fc bir bor\u00e7 biliyorum.\u201d&nbsp;<\/strong>dedi.<\/p>\n\n\n\n<ul class=\"wp-block-gallery columns-2 is-cropped wp-block-gallery-1 is-layout-flex wp-block-gallery-is-layout-flex\"><li class=\"blocks-gallery-item\"><figure><img decoding=\"async\" src=\"http:\/\/balikesirgercek.com\/wp-content\/uploads\/2019\/03\/2-4-1024x683.jpg\" alt=\"\" data-id=\"3401\" data-link=\"http:\/\/balikesirgercek.com\/?attachment_id=3401\" class=\"wp-image-3401\"\/><\/figure><\/li><li class=\"blocks-gallery-item\"><figure><img decoding=\"async\" src=\"http:\/\/balikesirgercek.com\/wp-content\/uploads\/2019\/03\/3-2-1024x683.jpg\" alt=\"\" data-id=\"3402\" data-link=\"http:\/\/balikesirgercek.com\/?attachment_id=3402\" class=\"wp-image-3402\"\/><\/figure><\/li><\/ul>\n\n\n<p><!--EndFragment--><br>\n<br>\n<\/p>","protected":false},"excerpt":{"rendered":"<p>G\u00fcney Marmara Kalk\u0131nma Ajans\u0131 2018 Mesleki E\u011fitimin Geli\u015ftirilmesi Destek Program\u0131 kapsam\u0131nda kabul edilen \u201cMasa\u00fcst\u00fc Yay\u0131nc\u0131l\u0131\u011f\u0131n Okul Bazl\u0131 Entegrasyonu\u201d projesi kapsam\u0131nda Alt\u0131eyl\u00fcl Mehmet Vehbi Bolak Mesleki ve Teknik Anadolu Lisesinde kurulan Medya At\u00f6lyesi\u2019nin a\u00e7\u0131l\u0131\u015f\u0131 \u0130l Mill\u00ee E\u011fitim M\u00fcd\u00fcr\u00fc Yakup Y\u0131ld\u0131z\u2019\u0131n kat\u0131l\u0131mlar\u0131yla&#8230;<\/p>\n","protected":false},"author":3,"featured_media":3323,"comment_status":"open","ping_status":"open","sticky":false,"template":"","format":"standard","meta":{"footnotes":""},"categories":[20,36],"tags":[],"class_list":["post-3322","post","type-post","status-publish","format-standard","has-post-thumbnail","hentry","category-guncel","category-manset"],"_links":{"self":[{"href":"http:\/\/gazetevizyon.com\/index.php?rest_route=\/wp\/v2\/posts\/3322","targetHints":{"allow":["GET"]}}],"collection":[{"href":"http:\/\/gazetevizyon.com\/index.php?rest_route=\/wp\/v2\/posts"}],"about":[{"href":"http:\/\/gazetevizyon.com\/index.php?rest_route=\/wp\/v2\/types\/post"}],"author":[{"embeddable":true,"href":"http:\/\/gazetevizyon.com\/index.php?rest_route=\/wp\/v2\/users\/3"}],"replies":[{"embeddable":true,"href":"http:\/\/gazetevizyon.com\/index.php?rest_route=%2Fwp%2Fv2%2Fcomments&post=3322"}],"version-history":[{"count":1,"href":"http:\/\/gazetevizyon.com\/index.php?rest_route=\/wp\/v2\/posts\/3322\/revisions"}],"predecessor-version":[{"id":3324,"href":"http:\/\/gazetevizyon.com\/index.php?rest_route=\/wp\/v2\/posts\/3322\/revisions\/3324"}],"wp:featuredmedia":[{"embeddable":true,"href":"http:\/\/gazetevizyon.com\/index.php?rest_route=\/wp\/v2\/media\/3323"}],"wp:attachment":[{"href":"http:\/\/gazetevizyon.com\/index.php?rest_route=%2Fwp%2Fv2%2Fmedia&parent=3322"}],"wp:term":[{"taxonomy":"category","embeddable":true,"href":"http:\/\/gazetevizyon.com\/index.php?rest_route=%2Fwp%2Fv2%2Fcategories&post=3322"},{"taxonomy":"post_tag","embeddable":true,"href":"http:\/\/gazetevizyon.com\/index.php?rest_route=%2Fwp%2Fv2%2Ftags&post=3322"}],"curies":[{"name":"wp","href":"https:\/\/api.w.org\/{rel}","templated":true}]}}