{"id":33228,"date":"2025-08-28T14:54:42","date_gmt":"2025-08-28T14:54:42","guid":{"rendered":"http:\/\/gazetevizyon.com\/?p=33228"},"modified":"2025-08-28T14:54:42","modified_gmt":"2025-08-28T14:54:42","slug":"erdekte-orman-yangini-kontrol-altina-alindi-sorusturma-baslatildi","status":"publish","type":"post","link":"http:\/\/gazetevizyon.com\/?p=33228","title":{"rendered":"Erdek&#8217;te Orman Yang\u0131n\u0131 Kontrol Alt\u0131na Al\u0131nd\u0131, Soru\u015fturma Ba\u015flat\u0131ld\u0131"},"content":{"rendered":"<p>\n<h2>Erdek&#8217;te Orman Yang\u0131n\u0131 Kontrol Alt\u0131na Al\u0131nd\u0131<\/h2>\n<\/p>\n<p><\/p>\n<p><p>Bal\u0131kesir&#8217;in <strong>Erdek<\/strong> il\u00e7esine ba\u011fl\u0131 k\u0131rsal <strong>Narl\u0131 Mahallesi<\/strong>&#8216;ndeki Beyaz Evler mevkiinde \u00e7\u0131kan <strong>orman yang\u0131n\u0131<\/strong>, itfaiye ekiplerinin h\u0131zl\u0131 m\u00fcdahalesiyle kontrol alt\u0131na al\u0131nd\u0131. Yang\u0131n, karadan ve havadan yap\u0131lan m\u00fcdahalelerle s\u00f6nd\u00fcr\u00fcld\u00fc.<\/p>\n<\/p>\n<p><\/p>\n<p><h3>Yang\u0131na M\u00fcdahale ve So\u011futma \u00c7al\u0131\u015fmalar\u0131<\/h3>\n<\/p>\n<p><\/p>\n<p><p>Ekiplerin h\u0131zl\u0131 ve koordineli \u00e7al\u0131\u015fmas\u0131 sayesinde yang\u0131n k\u0131sa s\u00fcrede kontrol alt\u0131na al\u0131nd\u0131. \u015eu anda b\u00f6lgede yang\u0131n\u0131n tamamen s\u00f6nd\u00fcr\u00fclmesi ve tekrar alevlenmesini \u00f6nlemek amac\u0131yla <strong>so\u011futma \u00e7al\u0131\u015fmalar\u0131<\/strong> devam ediyor. <\/p>\n<\/p>\n<p><\/p>\n<p><h3>Yang\u0131n\u0131n Sebebi Bilinmiyor<\/h3>\n<\/p>\n<p><\/p>\n<p><p><strong>Yang\u0131n\u0131n \u00e7\u0131k\u0131\u015f sebebi<\/strong> hen\u00fcz belirlenemedi. Yetkililer, yang\u0131n\u0131n nedenini tespit etmek i\u00e7in geni\u015f kapsaml\u0131 bir <strong>soru\u015fturma<\/strong> ba\u015flatt\u0131. Soru\u015fturma kapsam\u0131nda b\u00f6lge sakinleriyle g\u00f6r\u00fc\u015fmeler yap\u0131l\u0131yor ve olay yerinde incelemeler devam ediyor.<\/p>\n<\/p>\n<p><\/p>\n<p><h3>H\u0131zl\u0131 M\u00fcdahalenin \u00d6nemi<\/h3>\n<\/p>\n<p><\/p>\n<p><p>H\u0131zl\u0131 m\u00fcdahale sayesinde yang\u0131n\u0131n yay\u0131lmas\u0131 engellendi ve b\u00fcy\u00fck bir ormanl\u0131k alan\u0131n zarar g\u00f6rmesi \u00f6nlendi. <strong>Erdek<\/strong> ve \u00e7evresindeki ormanlar\u0131n korunmas\u0131 i\u00e7in itfaiye ekipleri taraf\u0131ndan s\u00fcrekli olarak devriye geziliyor ve riskli b\u00f6lgelere \u00f6zel \u00f6nem veriliyor.<\/p>\n<\/p>\n<p><\/p>\n<p><h3>B\u00f6lgedeki Durum<\/h3>\n<\/p>\n<p><\/p>\n<p><ul>    <\/p>\n<ul>\n<li>Yang\u0131n s\u00f6nd\u00fcrme ekipleri b\u00f6lgede so\u011futma \u00e7al\u0131\u015fmalar\u0131na devam ediyor.<\/li>\n<p>    <\/p>\n<li>Yang\u0131n\u0131n \u00e7\u0131k\u0131\u015f sebebiyle ilgili soru\u015fturma ba\u015flat\u0131ld\u0131.<\/li>\n<p>    <\/p>\n<li>B\u00f6lge sakinleri, itfaiye ekiplerine te\u015fekk\u00fcr etti.<\/li>\n<\/ul>\n<p><\/ul><\/p>\n","protected":false},"excerpt":{"rendered":"<p>Erdek&#8217;te Orman Yang\u0131n\u0131 Kontrol Alt\u0131na Al\u0131nd\u0131 Bal\u0131kesir&#8217;in Erdek il\u00e7esine ba\u011fl\u0131 k\u0131rsal Narl\u0131 Mahallesi&#8216;ndeki Beyaz Evler mevkiinde \u00e7\u0131kan orman yang\u0131n\u0131, itfaiye ekiplerinin h\u0131zl\u0131 m\u00fcdahalesiyle kontrol alt\u0131na al\u0131nd\u0131. Yang\u0131n, karadan ve havadan yap\u0131lan m\u00fcdahalelerle s\u00f6nd\u00fcr\u00fcld\u00fc. Yang\u0131na M\u00fcdahale ve So\u011futma \u00c7al\u0131\u015fmalar\u0131 Ekiplerin h\u0131zl\u0131&#8230;<\/p>\n","protected":false},"author":1,"featured_media":33229,"comment_status":"closed","ping_status":"closed","sticky":false,"template":"","format":"standard","meta":{"footnotes":""},"categories":[36],"tags":[],"class_list":["post-33228","post","type-post","status-publish","format-standard","has-post-thumbnail","hentry","category-manset"],"_links":{"self":[{"href":"http:\/\/gazetevizyon.com\/index.php?rest_route=\/wp\/v2\/posts\/33228","targetHints":{"allow":["GET"]}}],"collection":[{"href":"http:\/\/gazetevizyon.com\/index.php?rest_route=\/wp\/v2\/posts"}],"about":[{"href":"http:\/\/gazetevizyon.com\/index.php?rest_route=\/wp\/v2\/types\/post"}],"author":[{"embeddable":true,"href":"http:\/\/gazetevizyon.com\/index.php?rest_route=\/wp\/v2\/users\/1"}],"replies":[{"embeddable":true,"href":"http:\/\/gazetevizyon.com\/index.php?rest_route=%2Fwp%2Fv2%2Fcomments&post=33228"}],"version-history":[{"count":1,"href":"http:\/\/gazetevizyon.com\/index.php?rest_route=\/wp\/v2\/posts\/33228\/revisions"}],"predecessor-version":[{"id":33241,"href":"http:\/\/gazetevizyon.com\/index.php?rest_route=\/wp\/v2\/posts\/33228\/revisions\/33241"}],"wp:featuredmedia":[{"embeddable":true,"href":"http:\/\/gazetevizyon.com\/index.php?rest_route=\/wp\/v2\/media\/33229"}],"wp:attachment":[{"href":"http:\/\/gazetevizyon.com\/index.php?rest_route=%2Fwp%2Fv2%2Fmedia&parent=33228"}],"wp:term":[{"taxonomy":"category","embeddable":true,"href":"http:\/\/gazetevizyon.com\/index.php?rest_route=%2Fwp%2Fv2%2Fcategories&post=33228"},{"taxonomy":"post_tag","embeddable":true,"href":"http:\/\/gazetevizyon.com\/index.php?rest_route=%2Fwp%2Fv2%2Ftags&post=33228"}],"curies":[{"name":"wp","href":"https:\/\/api.w.org\/{rel}","templated":true}]}}