{"id":3325,"date":"2019-03-18T11:37:44","date_gmt":"2019-03-18T11:37:44","guid":{"rendered":"http:\/\/gazetevizyon.com\/?p=3325"},"modified":"2019-03-18T11:37:46","modified_gmt":"2019-03-18T11:37:46","slug":"otizmli-cocuklar-icin-podyuma-ciktilar","status":"publish","type":"post","link":"http:\/\/gazetevizyon.com\/?p=3325","title":{"rendered":"OT\u0130ZML\u0130 \u00c7OCUKLAR \u0130\u00c7\u0130N PODYUMA \u00c7IKTILAR"},"content":{"rendered":"\n<table class=\"wp-block-table\"><tbody><tr><td><strong>OB\u0130DEV \u0130\u00c7\u0130N PODYUMA \u00c7IKTILAR<\/strong>       <strong>OT\u0130ZML\u0130 \u00c7OCUKLAR \u0130\u00c7\u0130N PODYUMA \u00c7IKTILAR<\/strong>      <br> Otizm ile       ilgili \u00e7al\u0131\u015fmalar\u0131yla ad\u0131ndan s\u0131k\u00e7a s\u00f6z ettiren OB\u0130DEV (Otizmli Bireyleri       Destekleme Vakf\u0131) yarar\u0131na d\u00fczenlenen defilede Chloe Orta\u00e7, \u00d6zlem Y\u0131ld\u0131z       ve Simge Tertemiz podyuma \u00e7\u0131kt\u0131. Bal\u0131kesir\u2019de ger\u00e7ekle\u015fen defilede elde       gelir ile otizmli \u00e7ocuklar\u0131n ula\u015f\u0131m\u0131 i\u00e7in bir ara\u00e7 al\u0131nd\u0131. Ba\u015far\u0131l\u0131       modac\u0131 Esin \u00d6zyi\u011fit\u2019in defilesinde mankenler podyumu otizmli \u00e7ocuklara       devretti. Defilede tak\u0131lan ve sat\u0131\u015fa sunulan mavi g\u00f6zl\u00fckler ile \u201cBuradan       bak hayat\u0131ma anlam kat, otizim i\u00e7in mavi g\u00f6zl\u00fck tak\u201d mesaj\u0131 verildi.       &nbsp;       <br><br><strong>ZOR G\u00dcNLER GE\u00c7T\u0130<\/strong>       <br><strong>SERDAR \u00c7OK BE\u011eEND\u0130<\/strong>       <br>Podyumda t\u00fcm       dikkatleri \u00fczerine toplayan Chloe Orta\u00e7, defile sonu sorular\u0131 yan\u0131tlad\u0131.       B\u00f6yle anlaml\u0131 iyilik kokan bir defilede yer alman\u0131n kendisi \u00e7ok       sevindirdi\u011fini s\u00f6yleyen Chloe, takt\u0131\u011f\u0131 g\u00f6zl\u00fck \u0130\u00e7in \u201cBu g\u00f6zl\u00fck OB\u0130DEV\u2019in       maskotu Otizm dostu Mavi Can taraf\u0131ndan bana hediye edildi. Bu g\u00f6zl\u00fc\u011f\u00fc       \u201cburadan bak hayat\u0131ma anlam kat otizm i\u00e7in mavi g\u00f6zl\u00fck tak\u201d slogan\u0131n\u0131       duyurup otizm fark\u0131ndal\u0131\u011f\u0131 yaratmak i\u00e7in kulland\u0131k\u201d dedi. Ge\u00e7irdi\u011fi kaza       ile ilgili soruya \u201c6 ay oldu, Allah\u2019a \u015f\u00fck\u00fcr \u015fimdi gayet iyiyim ve       i\u015flerime devam ediyorum. Zor g\u00fcnler ge\u00e7ti. Kendimi i\u015fe verdim. Form\u00fcl\u00fc       ile \u00e7ok konu\u015fulan Detox i\u00e7ece\u011fimi \u00e7\u0131kard\u0131m. Serdar\u2019da tad\u0131n\u0131 \u00e7ok be\u011fendi,       be\u011fenerek i\u00e7iyor. Ayr\u0131ca hayat\u0131m\u0131 anlatmak istedi\u011fim i\u00e7in bir youtube       kanal\u0131 a\u00e7may\u0131 d\u00fc\u015f\u00fcn\u00fcyorum\u201d \u015feklinde yan\u0131t verdi. Chloe, s\u00fcrekli \u00e7\u0131kan       ayr\u0131l\u0131k dedikodular\u0131n\u0131n da kendisine komik geldi\u011fini s\u00f6yledi.    <br><br><strong>SERUM \u0130LE AYAKTA<\/strong>      <br> Gecenin       sunuculu\u011funu \u00fcstlenen \u00d6zlem Y\u0131ld\u0131z, ayn\u0131 zamanda podyumda da yerini ald\u0131.       Defile ile ilgili olarak a\u00e7\u0131klamalarda bulunan Y\u0131ld\u0131z; \u201cB\u00f6yle \u00f6zel bir       sosyal sorumluluk projesine dahil olmaktan bir anne olarak \u00e7ok mutluyum.       Bu defile ve yard\u0131m sever sponsorlar\u0131m\u0131z sayesinde \u00e7ocuklar\u0131n ula\u015f\u0131m\u0131       i\u00e7in bir ara\u00e7 al\u0131nd\u0131. B\u00f6yle geceler ile \u00e7ocuklara farkl\u0131 imkanlar       sa\u011flanabiliyor. Bug\u00fcn vakf\u0131 ziyaret ettim. 25 ay ile 28 ya\u015f aras\u0131ndaki       otizmli bireyler ald\u0131klar\u0131 e\u011fitim sayesinde okuma yazma \u00f6\u011frenerek,       kendini daha iyi ifade edebiliyor. Bu beni \u00e7ok mutlu etti. Ne g\u00fczel ki       bilin\u00e7li \u00f6\u011fretmenler var ve \u00e7ocuklar\u0131 farkl\u0131 boyutlara ta\u015f\u0131yorlar\u201d dedi.       Bu defileye kat\u0131labilmek i\u00e7in serum ald\u0131\u011f\u0131n\u0131 s\u00f6yleyen Y\u0131ld\u0131z, \u201cBir       haftad\u0131r yataktan hi\u00e7 kalkam\u0131yordum. Ailecek hasta olduk. Demir \u015fimdi iyi       bende serum sayesinde buraya gelebildim. \u0130\u015flerime yo\u011fun bir \u015fekilde devam       ediyorum\u201ddedi.       &nbsp;     <br> <br><strong>\u0130K\u0130NC\u0130 \u00c7OCUK \u0130ST\u0130YOR<\/strong>    <br> Defilede       podyuma \u00e7\u0131kan isimlerden Simge Tertemiz, \u201c Fark\u0131ndal\u0131k yaratmak amac\u0131yla       \u00e7ok g\u00fczel bir organizasyondu. Eme\u011fi ge\u00e7en herkesi can\u0131 g\u00f6n\u00fclden tebrik       ediyorum. \u00c7ok anlaml\u0131 keyifliydi. Obidev vakf\u0131na \u00e7ok te\u015fekk\u00fcr ederim\u201d       dedi. Defile de gelinlik de giyen Tertemiz, anne olmak \u00e7ok g\u00fczel bir       duygu \u0130n\u015fallah ikincisi olsun isterim\u201d diyerek evlilik kap\u0131lar\u0131n\u0131 a\u00e7\u0131k       b\u0131rakt\u0131. .                                         <\/td><\/tr><\/tbody><\/table>\n\n\n\n<figure class=\"wp-block-image\"><img decoding=\"async\" src=\"http:\/\/balikesirgercek.com\/wp-content\/uploads\/2019\/03\/1-4-1024x683.jpg\" alt=\"\" class=\"wp-image-3406\"\/><\/figure>\n\n\n\n<figure class=\"wp-block-image\"><img decoding=\"async\" src=\"http:\/\/balikesirgercek.com\/wp-content\/uploads\/2019\/03\/2-5-1024x683.jpg\" alt=\"\" class=\"wp-image-3407\"\/><\/figure>\n\n\n<p><!--EndFragment--><br>\n<br>\n<\/p>","protected":false},"excerpt":{"rendered":"<p>OB\u0130DEV \u0130\u00c7\u0130N PODYUMA \u00c7IKTILAR OT\u0130ZML\u0130 \u00c7OCUKLAR \u0130\u00c7\u0130N PODYUMA \u00c7IKTILAR Otizm ile ilgili \u00e7al\u0131\u015fmalar\u0131yla ad\u0131ndan s\u0131k\u00e7a s\u00f6z ettiren OB\u0130DEV (Otizmli Bireyleri Destekleme Vakf\u0131) yarar\u0131na d\u00fczenlenen defilede Chloe Orta\u00e7, \u00d6zlem Y\u0131ld\u0131z ve Simge Tertemiz podyuma \u00e7\u0131kt\u0131. Bal\u0131kesir\u2019de ger\u00e7ekle\u015fen defilede elde gelir ile&#8230;<\/p>\n","protected":false},"author":3,"featured_media":3326,"comment_status":"open","ping_status":"open","sticky":false,"template":"","format":"standard","meta":{"footnotes":""},"categories":[20,36],"tags":[],"class_list":["post-3325","post","type-post","status-publish","format-standard","has-post-thumbnail","hentry","category-guncel","category-manset"],"_links":{"self":[{"href":"http:\/\/gazetevizyon.com\/index.php?rest_route=\/wp\/v2\/posts\/3325","targetHints":{"allow":["GET"]}}],"collection":[{"href":"http:\/\/gazetevizyon.com\/index.php?rest_route=\/wp\/v2\/posts"}],"about":[{"href":"http:\/\/gazetevizyon.com\/index.php?rest_route=\/wp\/v2\/types\/post"}],"author":[{"embeddable":true,"href":"http:\/\/gazetevizyon.com\/index.php?rest_route=\/wp\/v2\/users\/3"}],"replies":[{"embeddable":true,"href":"http:\/\/gazetevizyon.com\/index.php?rest_route=%2Fwp%2Fv2%2Fcomments&post=3325"}],"version-history":[{"count":1,"href":"http:\/\/gazetevizyon.com\/index.php?rest_route=\/wp\/v2\/posts\/3325\/revisions"}],"predecessor-version":[{"id":3327,"href":"http:\/\/gazetevizyon.com\/index.php?rest_route=\/wp\/v2\/posts\/3325\/revisions\/3327"}],"wp:featuredmedia":[{"embeddable":true,"href":"http:\/\/gazetevizyon.com\/index.php?rest_route=\/wp\/v2\/media\/3326"}],"wp:attachment":[{"href":"http:\/\/gazetevizyon.com\/index.php?rest_route=%2Fwp%2Fv2%2Fmedia&parent=3325"}],"wp:term":[{"taxonomy":"category","embeddable":true,"href":"http:\/\/gazetevizyon.com\/index.php?rest_route=%2Fwp%2Fv2%2Fcategories&post=3325"},{"taxonomy":"post_tag","embeddable":true,"href":"http:\/\/gazetevizyon.com\/index.php?rest_route=%2Fwp%2Fv2%2Ftags&post=3325"}],"curies":[{"name":"wp","href":"https:\/\/api.w.org\/{rel}","templated":true}]}}