{"id":33268,"date":"2025-08-29T14:27:04","date_gmt":"2025-08-29T14:27:04","guid":{"rendered":"http:\/\/gazetevizyon.com\/?p=33268"},"modified":"2025-08-29T14:27:04","modified_gmt":"2025-08-29T14:27:04","slug":"balikesir-sanayisi-gelisiyor-balosb-yonetim-kurulu-toplantisi-yapildi","status":"publish","type":"post","link":"http:\/\/gazetevizyon.com\/?p=33268","title":{"rendered":"Bal\u0131kesir Sanayisi Geli\u015fiyor: BALOSB Y\u00f6netim Kurulu Toplant\u0131s\u0131 Yap\u0131ld\u0131"},"content":{"rendered":"<p>\n<h2>Bal\u0131kesir Sanayisine Destek: Y\u00f6netim Kurulu Toplant\u0131s\u0131 D\u00fczenlendi<\/h2>\n<\/p>\n<p><\/p>\n<p><p><strong>Bal\u0131kesir<\/strong>&#8216;de sanayi alan\u0131ndaki geli\u015fmelerin h\u0131zla devam etti\u011fi bildirildi. Bal\u0131kesir Organize Sanayi B\u00f6lgesi (<strong>BALOSB<\/strong>) A\u011fustos ay\u0131 Y\u00f6netim Kurulu Toplant\u0131s\u0131, Bal\u0131kesir Valili\u011fi&#8217;nde ger\u00e7ekle\u015ftirildi. Bu \u00f6nemli toplant\u0131ya Bal\u0131kesir B\u00fcy\u00fck\u015fehir Belediye Ba\u015fkan\u0131 Ahmet Ak\u0131n da kat\u0131ld\u0131.<\/p>\n<\/p>\n<p><\/p>\n<p><h3>BALOSB Y\u00f6netim Kurulu Toplant\u0131s\u0131n\u0131n Amac\u0131<\/h3>\n<\/p>\n<p><\/p>\n<p><p>Bal\u0131kesir Organize Sanayi B\u00f6lgesi&#8217;nin (<strong>BALOSB<\/strong>) s\u00fcrd\u00fcr\u00fclebilir geli\u015fimi i\u00e7in d\u00fczenli olarak ger\u00e7ekle\u015ftirilen y\u00f6netim kurulu toplant\u0131lar\u0131, bu ay da Bal\u0131kesir Valili\u011fi&#8217;nde yap\u0131ld\u0131. Toplant\u0131da al\u0131nan kararlar, b\u00f6lgedeki sanayi faaliyetlerinin daha da verimli ilerlemesine katk\u0131 sa\u011flayacak \u00f6nemli ad\u0131mlar\u0131 i\u00e7ermektedir.<\/p>\n<\/p>\n<p><\/p>\n<p><h3>Kat\u0131l\u0131mlar ve Kararlar<\/h3>\n<\/p>\n<p><\/p>\n<p><p>Bal\u0131kesir B\u00fcy\u00fck\u015fehir Belediye Ba\u015fkan\u0131 Ahmet Ak\u0131n&#8217;\u0131n kat\u0131l\u0131m\u0131yla ger\u00e7ekle\u015fen toplant\u0131da, BALOSB&#8217;nin mevcut durumu ve gelece\u011fe y\u00f6nelik hedefler de\u011ferlendirildi. Al\u0131nan kararlar\u0131n, hem <strong>Bal\u0131kesir<\/strong>&#8216;e hem de b\u00f6lgedeki sanayi sekt\u00f6r\u00fcne \u00f6nemli katk\u0131lar sunaca\u011f\u0131 belirtildi.<\/p>\n<\/p>\n<p><\/p>\n<p><h3>Sanayi Geli\u015fimine Y\u00f6nelik Ad\u0131mlar<\/h3>\n<\/p>\n<p><\/p>\n<p><p>Toplant\u0131da de\u011ferlendirilen konular aras\u0131nda;<\/p>\n<\/p>\n<p><\/p>\n<p><ul>  <\/p>\n<ul>\n<li>B\u00f6lgedeki mevcut sanayi tesislerinin kapasitelerinin art\u0131r\u0131lmas\u0131<\/li>\n<p>  <\/p>\n<li>Yeni yat\u0131r\u0131mc\u0131lar\u0131n \u00e7ekilmesi i\u00e7in te\u015fvikler<\/li>\n<p>  <\/p>\n<li>Altyap\u0131 ve ula\u015f\u0131m projelerinin h\u0131zland\u0131r\u0131lmas\u0131<\/li>\n<p>  <\/p>\n<li>\u00c7evre dostu sanayi uygulamalar\u0131n\u0131n yayg\u0131nla\u015ft\u0131r\u0131lmas\u0131<\/li>\n<\/ul>\n<p><\/ul>\n<\/p>\n<p><\/p>\n<p><p>gibi konular yer ald\u0131. Bu ad\u0131mlar\u0131n, <strong>Bal\u0131kesir<\/strong>&#8216;in sanayi alan\u0131nda daha rekabet\u00e7i bir konuma gelmesine yard\u0131mc\u0131 olaca\u011f\u0131 vurguland\u0131.<\/p>\n<\/p>\n<p><\/p>\n<p><h3>Bal\u0131kesir&#8217;e Katk\u0131lar<\/h3>\n<\/p>\n<p><\/p>\n<p><p>Bal\u0131kesir B\u00fcy\u00fck\u015fehir Belediyesi&#8217;nin deste\u011fiyle y\u00fcr\u00fct\u00fclen \u00e7al\u0131\u015fmalar, b\u00f6lgedeki istihdam\u0131n artmas\u0131na ve ekonomik b\u00fcy\u00fcmeye katk\u0131 sa\u011flamaktad\u0131r. <strong>Bal\u0131kesir<\/strong> Valili\u011fi ve B\u00fcy\u00fck\u015fehir Belediyesi&#8217;nin i\u015f birli\u011fiyle s\u00fcrd\u00fcr\u00fclen bu \u00e7al\u0131\u015fmalar\u0131n, \u015fehrin kalk\u0131nmas\u0131na \u00f6nemli katk\u0131lar sunmaya devam edece\u011fi ifade edildi.<\/p><\/p>\n","protected":false},"excerpt":{"rendered":"<p>Bal\u0131kesir Sanayisine Destek: Y\u00f6netim Kurulu Toplant\u0131s\u0131 D\u00fczenlendi Bal\u0131kesir&#8216;de sanayi alan\u0131ndaki geli\u015fmelerin h\u0131zla devam etti\u011fi bildirildi. Bal\u0131kesir Organize Sanayi B\u00f6lgesi (BALOSB) A\u011fustos ay\u0131 Y\u00f6netim Kurulu Toplant\u0131s\u0131, Bal\u0131kesir Valili\u011fi&#8217;nde ger\u00e7ekle\u015ftirildi. Bu \u00f6nemli toplant\u0131ya Bal\u0131kesir B\u00fcy\u00fck\u015fehir Belediye Ba\u015fkan\u0131 Ahmet Ak\u0131n da kat\u0131ld\u0131. BALOSB&#8230;<\/p>\n","protected":false},"author":1,"featured_media":33269,"comment_status":"closed","ping_status":"closed","sticky":false,"template":"","format":"standard","meta":{"footnotes":""},"categories":[36],"tags":[],"class_list":["post-33268","post","type-post","status-publish","format-standard","has-post-thumbnail","hentry","category-manset"],"_links":{"self":[{"href":"http:\/\/gazetevizyon.com\/index.php?rest_route=\/wp\/v2\/posts\/33268","targetHints":{"allow":["GET"]}}],"collection":[{"href":"http:\/\/gazetevizyon.com\/index.php?rest_route=\/wp\/v2\/posts"}],"about":[{"href":"http:\/\/gazetevizyon.com\/index.php?rest_route=\/wp\/v2\/types\/post"}],"author":[{"embeddable":true,"href":"http:\/\/gazetevizyon.com\/index.php?rest_route=\/wp\/v2\/users\/1"}],"replies":[{"embeddable":true,"href":"http:\/\/gazetevizyon.com\/index.php?rest_route=%2Fwp%2Fv2%2Fcomments&post=33268"}],"version-history":[{"count":1,"href":"http:\/\/gazetevizyon.com\/index.php?rest_route=\/wp\/v2\/posts\/33268\/revisions"}],"predecessor-version":[{"id":33283,"href":"http:\/\/gazetevizyon.com\/index.php?rest_route=\/wp\/v2\/posts\/33268\/revisions\/33283"}],"wp:featuredmedia":[{"embeddable":true,"href":"http:\/\/gazetevizyon.com\/index.php?rest_route=\/wp\/v2\/media\/33269"}],"wp:attachment":[{"href":"http:\/\/gazetevizyon.com\/index.php?rest_route=%2Fwp%2Fv2%2Fmedia&parent=33268"}],"wp:term":[{"taxonomy":"category","embeddable":true,"href":"http:\/\/gazetevizyon.com\/index.php?rest_route=%2Fwp%2Fv2%2Fcategories&post=33268"},{"taxonomy":"post_tag","embeddable":true,"href":"http:\/\/gazetevizyon.com\/index.php?rest_route=%2Fwp%2Fv2%2Ftags&post=33268"}],"curies":[{"name":"wp","href":"https:\/\/api.w.org\/{rel}","templated":true}]}}