{"id":33324,"date":"2025-08-30T11:22:30","date_gmt":"2025-08-30T11:22:30","guid":{"rendered":"http:\/\/gazetevizyon.com\/?p=33324"},"modified":"2025-08-30T11:22:30","modified_gmt":"2025-08-30T11:22:30","slug":"balikesirde-zafer-bayrami-kutlamalari-baskan-akindan-vatan-sevgisi-mesaji","status":"publish","type":"post","link":"http:\/\/gazetevizyon.com\/?p=33324","title":{"rendered":"Bal\u0131kesir&#8217;de Zafer Bayram\u0131 Kutlamalar\u0131: Ba\u015fkan Ak\u0131n&#8217;dan Vatan Sevgisi Mesaj\u0131"},"content":{"rendered":"<p>\n<h2>Bal\u0131kesir&#8217;de Zafer Bayram\u0131 Co\u015fkusu<\/h2>\n<\/p>\n<p><\/p>\n<p>Bal\u0131kesir B\u00fcy\u00fck\u015fehir Belediye Ba\u015fkan\u0131 Ahmet Ak\u0131n, 30 A\u011fustos Zafer Bayram\u0131 dolay\u0131s\u0131yla d\u00fczenlenen t\u00f6renlere kat\u0131larak vatan sevgisini g\u00f6sterdi. <strong>Bal\u0131kesir Valili\u011fi ve CHP Bal\u0131kesir \u0130l Ba\u015fkanl\u0131\u011f\u0131<\/strong> taraf\u0131ndan organize edilen Atat\u00fcrk An\u0131t\u0131&#8217;na \u00e7elenk sunma program\u0131nda yer alan Ba\u015fkan Ak\u0131n, bayram\u0131n anlam\u0131n\u0131 vurgulad\u0131.<\/p>\n<p><\/p>\n<p><h3>Zafer Bayram\u0131 Anlam\u0131 ve Ba\u015fkan Ak\u0131n&#8217;\u0131n Mesaj\u0131<\/h3>\n<\/p>\n<p><\/p>\n<p>Ba\u015fkan Ak\u0131n, t\u00f6rende yapt\u0131\u011f\u0131 k\u0131sa bir konu\u015fmada, ilk g\u00fcnk\u00fc gibi y\u00fcreklerinde yanan ba\u011f\u0131ms\u0131zl\u0131k ate\u015finin hala devam etti\u011fini belirtti.  <strong>30 A\u011fustos Zafer Bayram\u0131&#8217;n\u0131n<\/strong>, T\u00fcrk milletinin kahramanl\u0131k destanlar\u0131ndan birini ya\u015fatt\u0131\u011f\u0131n\u0131 ifade etti.<\/p>\n<p><\/p>\n<p><h3>Kutlama Program\u0131na Kat\u0131l\u0131m<\/h3>\n<\/p>\n<p><\/p>\n<p>*   Bal\u0131kesir Valisi ve di\u011fer protokol \u00fcyeleri de t\u00f6rende yer ald\u0131.<br \/>*   T\u00f6ren, sayg\u0131 duru\u015fu ve \u0130stiklal Mar\u015f\u0131 ile ba\u015flad\u0131.<br \/>*   Atat\u00fcrk An\u0131t\u0131&#8217;na \u00e7elenklerin sunulmas\u0131yla kutlamalar devam etti.<br \/>*   Ba\u015fkan Ak\u0131n,  <strong>bal\u0131kesir halk\u0131n\u0131n<\/strong> bayram\u0131n\u0131 kutlad\u0131 ve birlik beraberlik mesaj\u0131 verdi.<\/p>\n<p><\/p>\n<p><h3>Bal\u0131kesir&#8217;de Birlik ve Bayrak Sevgisi<\/h3>\n<\/p>\n<p><\/p>\n<p><strong>Bal\u0131kesir B\u00fcy\u00fck\u015fehir Belediyesi<\/strong>, Zafer Bayram\u0131 dolay\u0131s\u0131yla \u00e7e\u015fitli etkinlikler d\u00fczenlemeye devam edecek. Ama\u00e7, T\u00fcrk milletinin zafer ruhunu gelecek nesillere aktarmak ve bayrak sevgisini peki\u015ftirmektir. Bu \u00f6zel g\u00fcnde t\u00fcm vatanda\u015flar\u0131n bayram\u0131n\u0131 kutlar\u0131z.<\/p><\/p>\n","protected":false},"excerpt":{"rendered":"<p>Bal\u0131kesir&#8217;de Zafer Bayram\u0131 Co\u015fkusu Bal\u0131kesir B\u00fcy\u00fck\u015fehir Belediye Ba\u015fkan\u0131 Ahmet Ak\u0131n, 30 A\u011fustos Zafer Bayram\u0131 dolay\u0131s\u0131yla d\u00fczenlenen t\u00f6renlere kat\u0131larak vatan sevgisini g\u00f6sterdi. Bal\u0131kesir Valili\u011fi ve CHP Bal\u0131kesir \u0130l Ba\u015fkanl\u0131\u011f\u0131 taraf\u0131ndan organize edilen Atat\u00fcrk An\u0131t\u0131&#8217;na \u00e7elenk sunma program\u0131nda yer alan Ba\u015fkan Ak\u0131n,&#8230;<\/p>\n","protected":false},"author":1,"featured_media":33325,"comment_status":"closed","ping_status":"closed","sticky":false,"template":"","format":"standard","meta":{"footnotes":""},"categories":[36],"tags":[],"class_list":["post-33324","post","type-post","status-publish","format-standard","has-post-thumbnail","hentry","category-manset"],"_links":{"self":[{"href":"http:\/\/gazetevizyon.com\/index.php?rest_route=\/wp\/v2\/posts\/33324","targetHints":{"allow":["GET"]}}],"collection":[{"href":"http:\/\/gazetevizyon.com\/index.php?rest_route=\/wp\/v2\/posts"}],"about":[{"href":"http:\/\/gazetevizyon.com\/index.php?rest_route=\/wp\/v2\/types\/post"}],"author":[{"embeddable":true,"href":"http:\/\/gazetevizyon.com\/index.php?rest_route=\/wp\/v2\/users\/1"}],"replies":[{"embeddable":true,"href":"http:\/\/gazetevizyon.com\/index.php?rest_route=%2Fwp%2Fv2%2Fcomments&post=33324"}],"version-history":[{"count":1,"href":"http:\/\/gazetevizyon.com\/index.php?rest_route=\/wp\/v2\/posts\/33324\/revisions"}],"predecessor-version":[{"id":33333,"href":"http:\/\/gazetevizyon.com\/index.php?rest_route=\/wp\/v2\/posts\/33324\/revisions\/33333"}],"wp:featuredmedia":[{"embeddable":true,"href":"http:\/\/gazetevizyon.com\/index.php?rest_route=\/wp\/v2\/media\/33325"}],"wp:attachment":[{"href":"http:\/\/gazetevizyon.com\/index.php?rest_route=%2Fwp%2Fv2%2Fmedia&parent=33324"}],"wp:term":[{"taxonomy":"category","embeddable":true,"href":"http:\/\/gazetevizyon.com\/index.php?rest_route=%2Fwp%2Fv2%2Fcategories&post=33324"},{"taxonomy":"post_tag","embeddable":true,"href":"http:\/\/gazetevizyon.com\/index.php?rest_route=%2Fwp%2Fv2%2Ftags&post=33324"}],"curies":[{"name":"wp","href":"https:\/\/api.w.org\/{rel}","templated":true}]}}