{"id":33368,"date":"2025-08-31T23:29:47","date_gmt":"2025-08-31T23:29:47","guid":{"rendered":"http:\/\/gazetevizyon.com\/?p=33368"},"modified":"2025-08-31T23:29:47","modified_gmt":"2025-08-31T23:29:47","slug":"marmara-adalarinda-mutlu-evlilige-ilk-adim","status":"publish","type":"post","link":"http:\/\/gazetevizyon.com\/?p=33368","title":{"rendered":"Marmara Adalar\u0131&#8217;nda Mutlu Evlili\u011fe \u0130lk Ad\u0131m"},"content":{"rendered":"<p>\n<h2>Marmara Adalar\u0131 Belediyesi&#8217;nden Mutlu \u00c7iftlere Tebrik<\/h2>\n<\/p>\n<p><\/p>\n<p>Marmara Adalar\u0131 Belediyesi, Ahsennur Sar\u0131o\u011flu ve H\u00fcseyin Dikel \u00e7iftinin evlili\u011fini kutlad\u0131. Belediye, \u00e7iftin nik\u00e2h akdini ger\u00e7ekle\u015ftirerek \u00f6m\u00fcr boyu mutluluklar diledi. <strong>Bu \u00f6zel g\u00fcnde, belediye yetkilileri, \u00e7iftin mutlulu\u011funa ortak oldu.<\/strong><\/p>\n<p><\/p>\n<p><h3>Nik\u00e2h T\u00f6reni<\/h3>\n<\/p>\n<p><\/p>\n<p>Ahsennur Sar\u0131o\u011flu ve H\u00fcseyin Dikel \u00e7ifti, Marmara Adalar\u0131&#8217;nda d\u00fczenlenen bir t\u00f6renle evlendi. T\u00f6ren, aile yak\u0131nlar\u0131 ve dostlar\u0131n\u0131n kat\u0131l\u0131m\u0131yla ger\u00e7ekle\u015fti. <\/p>\n<p><\/p>\n<p><h3>Belediye Deste\u011fi<\/h3>\n<\/p>\n<p><\/p>\n<p>Marmara Adalar\u0131 Belediyesi, \u00e7iftin evlilik t\u00f6renine destek vererek, bu \u00f6zel g\u00fcn\u00fcn daha anlaml\u0131 k\u0131lmas\u0131na katk\u0131da bulundu. <strong>Belediye, gen\u00e7 \u00e7iftlere hayat yolculuklar\u0131nda ba\u015far\u0131 ve mutluluklar diledi.<\/strong><\/p>\n<p><\/p>\n<p><h3>Gelecek Planlar\u0131<\/h3>\n<\/p>\n<p><\/p>\n<p>\u00c7iftin, evlilikleri sonras\u0131 Marmara Adalar\u0131&#8217;nda ya\u015famaya devam edecekleri \u00f6\u011frenildi. <strong>Yeni evli \u00e7ift, birlikte g\u00fczel bir ya\u015fam kuracaklar\u0131n\u0131 ifade etti.<\/strong><\/p><\/p>\n","protected":false},"excerpt":{"rendered":"<p>Marmara Adalar\u0131 Belediyesi&#8217;nden Mutlu \u00c7iftlere Tebrik Marmara Adalar\u0131 Belediyesi, Ahsennur Sar\u0131o\u011flu ve H\u00fcseyin Dikel \u00e7iftinin evlili\u011fini kutlad\u0131. Belediye, \u00e7iftin nik\u00e2h akdini ger\u00e7ekle\u015ftirerek \u00f6m\u00fcr boyu mutluluklar diledi. Bu \u00f6zel g\u00fcnde, belediye yetkilileri, \u00e7iftin mutlulu\u011funa ortak oldu. Nik\u00e2h T\u00f6reni Ahsennur Sar\u0131o\u011flu ve&#8230;<\/p>\n","protected":false},"author":1,"featured_media":33369,"comment_status":"closed","ping_status":"closed","sticky":false,"template":"","format":"standard","meta":{"footnotes":""},"categories":[36],"tags":[],"class_list":["post-33368","post","type-post","status-publish","format-standard","has-post-thumbnail","hentry","category-manset"],"_links":{"self":[{"href":"http:\/\/gazetevizyon.com\/index.php?rest_route=\/wp\/v2\/posts\/33368","targetHints":{"allow":["GET"]}}],"collection":[{"href":"http:\/\/gazetevizyon.com\/index.php?rest_route=\/wp\/v2\/posts"}],"about":[{"href":"http:\/\/gazetevizyon.com\/index.php?rest_route=\/wp\/v2\/types\/post"}],"author":[{"embeddable":true,"href":"http:\/\/gazetevizyon.com\/index.php?rest_route=\/wp\/v2\/users\/1"}],"replies":[{"embeddable":true,"href":"http:\/\/gazetevizyon.com\/index.php?rest_route=%2Fwp%2Fv2%2Fcomments&post=33368"}],"version-history":[{"count":0,"href":"http:\/\/gazetevizyon.com\/index.php?rest_route=\/wp\/v2\/posts\/33368\/revisions"}],"wp:featuredmedia":[{"embeddable":true,"href":"http:\/\/gazetevizyon.com\/index.php?rest_route=\/wp\/v2\/media\/33369"}],"wp:attachment":[{"href":"http:\/\/gazetevizyon.com\/index.php?rest_route=%2Fwp%2Fv2%2Fmedia&parent=33368"}],"wp:term":[{"taxonomy":"category","embeddable":true,"href":"http:\/\/gazetevizyon.com\/index.php?rest_route=%2Fwp%2Fv2%2Fcategories&post=33368"},{"taxonomy":"post_tag","embeddable":true,"href":"http:\/\/gazetevizyon.com\/index.php?rest_route=%2Fwp%2Fv2%2Ftags&post=33368"}],"curies":[{"name":"wp","href":"https:\/\/api.w.org\/{rel}","templated":true}]}}