{"id":33421,"date":"2025-09-01T17:37:40","date_gmt":"2025-09-01T17:37:40","guid":{"rendered":"http:\/\/gazetevizyon.com\/?p=33421"},"modified":"2025-09-01T17:37:40","modified_gmt":"2025-09-01T17:37:40","slug":"gonende-bugun-nobetci-eczane-bilgisi","status":"publish","type":"post","link":"http:\/\/gazetevizyon.com\/?p=33421","title":{"rendered":"G\u00f6nen&#8217;de Bug\u00fcn N\u00f6bet\u00e7i Eczane Bilgisi"},"content":{"rendered":"<p>\n<h2>G\u00f6nen&#8217;de 1 Eyl\u00fcl&#8217;de N\u00f6bet\u00e7i Eczane<\/h2>\n<\/p>\n<p><\/p>\n<p><p>Bal\u0131kesir&#8217;in G\u00f6nen il\u00e7esinde 1 Eyl\u00fcl Pazartesi g\u00fcn\u00fc n\u00f6bet\u00e7i eczane, Merkez Eczanesi olarak a\u00e7\u0131k olacakt\u0131r. <strong>G\u00f6nen halk\u0131, acil ihtiya\u00e7lar\u0131 i\u00e7in Merkez Eczanesi&#8217;ne ba\u015fvurabilirler.<\/strong><\/p>\n<\/p>\n<p><\/p>\n<p><h3>Merkez Eczanesi Bilgileri<\/h3>\n<\/p>\n<p><\/p>\n<p><p>Merkez Eczanesi, \u00c7ar\u015f\u0131 Camisi kar\u015f\u0131s\u0131nda yer almaktad\u0131r. \u0130htiya\u00e7 halinde 02667621600 numaral\u0131 telefondan eczaneye ula\u015f\u0131labilir. <strong>Eczane, acil \u015fifalar diler.<\/strong><\/p>\n<\/p>\n<p><\/p>\n<p><h3>N\u00f6bet\u00e7i Eczane Hakk\u0131nda<\/h3>\n<\/p>\n<p><\/p>\n<p><p>G\u00f6nen&#8217;de n\u00f6bet\u00e7i eczane uygulamas\u0131, il\u00e7e halk\u0131n\u0131n her zaman ila\u00e7lara eri\u015fimini sa\u011flamak amac\u0131yla d\u00fczenlenmektedir. <strong>N\u00f6bet\u00e7i eczaneler, acil durumlarda b\u00fcy\u00fck \u00f6nem ta\u015f\u0131maktad\u0131r.<\/strong><\/p>\n<\/p>\n<p><\/p>\n<p><h3>\u0130leti\u015fim Bilgileri<\/h3>\n<\/p>\n<p><\/p>\n<p><ul>    <\/p>\n<ul>\n<li><strong>Eczane Ad\u0131:<\/strong> Merkez Eczanesi<\/li>\n<p>    <\/p>\n<li><strong>Konum:<\/strong> \u00c7ar\u015f\u0131 Camisi kar\u015f\u0131s\u0131<\/li>\n<p>    <\/p>\n<li><strong>Telefon:<\/strong> 02667621600<\/li>\n<\/ul>\n<p><\/ul><\/p>\n","protected":false},"excerpt":{"rendered":"<p>G\u00f6nen&#8217;de 1 Eyl\u00fcl&#8217;de N\u00f6bet\u00e7i Eczane Bal\u0131kesir&#8217;in G\u00f6nen il\u00e7esinde 1 Eyl\u00fcl Pazartesi g\u00fcn\u00fc n\u00f6bet\u00e7i eczane, Merkez Eczanesi olarak a\u00e7\u0131k olacakt\u0131r. G\u00f6nen halk\u0131, acil ihtiya\u00e7lar\u0131 i\u00e7in Merkez Eczanesi&#8217;ne ba\u015fvurabilirler. Merkez Eczanesi Bilgileri Merkez Eczanesi, \u00c7ar\u015f\u0131 Camisi kar\u015f\u0131s\u0131nda yer almaktad\u0131r. \u0130htiya\u00e7 halinde 02667621600&#8230;<\/p>\n","protected":false},"author":1,"featured_media":33422,"comment_status":"closed","ping_status":"closed","sticky":false,"template":"","format":"standard","meta":{"footnotes":""},"categories":[36],"tags":[],"class_list":["post-33421","post","type-post","status-publish","format-standard","has-post-thumbnail","hentry","category-manset"],"_links":{"self":[{"href":"http:\/\/gazetevizyon.com\/index.php?rest_route=\/wp\/v2\/posts\/33421","targetHints":{"allow":["GET"]}}],"collection":[{"href":"http:\/\/gazetevizyon.com\/index.php?rest_route=\/wp\/v2\/posts"}],"about":[{"href":"http:\/\/gazetevizyon.com\/index.php?rest_route=\/wp\/v2\/types\/post"}],"author":[{"embeddable":true,"href":"http:\/\/gazetevizyon.com\/index.php?rest_route=\/wp\/v2\/users\/1"}],"replies":[{"embeddable":true,"href":"http:\/\/gazetevizyon.com\/index.php?rest_route=%2Fwp%2Fv2%2Fcomments&post=33421"}],"version-history":[{"count":1,"href":"http:\/\/gazetevizyon.com\/index.php?rest_route=\/wp\/v2\/posts\/33421\/revisions"}],"predecessor-version":[{"id":33433,"href":"http:\/\/gazetevizyon.com\/index.php?rest_route=\/wp\/v2\/posts\/33421\/revisions\/33433"}],"wp:featuredmedia":[{"embeddable":true,"href":"http:\/\/gazetevizyon.com\/index.php?rest_route=\/wp\/v2\/media\/33422"}],"wp:attachment":[{"href":"http:\/\/gazetevizyon.com\/index.php?rest_route=%2Fwp%2Fv2%2Fmedia&parent=33421"}],"wp:term":[{"taxonomy":"category","embeddable":true,"href":"http:\/\/gazetevizyon.com\/index.php?rest_route=%2Fwp%2Fv2%2Fcategories&post=33421"},{"taxonomy":"post_tag","embeddable":true,"href":"http:\/\/gazetevizyon.com\/index.php?rest_route=%2Fwp%2Fv2%2Ftags&post=33421"}],"curies":[{"name":"wp","href":"https:\/\/api.w.org\/{rel}","templated":true}]}}