{"id":33440,"date":"2025-09-01T20:56:48","date_gmt":"2025-09-01T20:56:48","guid":{"rendered":"http:\/\/gazetevizyon.com\/?p=33440"},"modified":"2025-09-01T20:56:48","modified_gmt":"2025-09-01T20:56:48","slug":"balikesirde-gida-denetimleri-devam-ediyor","status":"publish","type":"post","link":"http:\/\/gazetevizyon.com\/?p=33440","title":{"rendered":"Bal\u0131kesir&#8217;de G\u0131da Denetimleri Devam Ediyor"},"content":{"rendered":"<p>\n<h2>Bal\u0131kesir&#8217;de G\u0131da G\u00fcvenli\u011fi Denetimleri Aral\u0131ks\u0131z S\u00fcr\u00fcyor<\/h2>\n<\/p>\n<p><\/p>\n<p><strong>Bal\u0131kesir Valili\u011fi<\/strong> koordinasyonunda \u0130l Tar\u0131m ve Orman M\u00fcd\u00fcrl\u00fc\u011f\u00fc, vatanda\u015flar\u0131n <strong>g\u00fcvenilir g\u0131daya eri\u015fimi<\/strong> sa\u011flamak amac\u0131yla g\u0131da denetimlerini titizlikle s\u00fcrd\u00fcr\u00fcyor. Ama\u00e7, halk sa\u011fl\u0131\u011f\u0131n\u0131 korumak ve g\u0131da kalitesini y\u00fckseltmek.<\/p>\n<p><\/p>\n<p><h3>Denetimlerin Kapsam\u0131<\/h3>\n<\/p>\n<p><\/p>\n<p>\u0130l Tar\u0131m ve Orman M\u00fcd\u00fcrl\u00fc\u011f\u00fc ekipleri, Bal\u0131kesir genelindeki g\u0131da \u00fcretim tesislerini, marketleri ve sat\u0131\u015f noktalar\u0131n\u0131 d\u00fczenli olarak kontrol ediyor. Denetimlerde \u00f6zellikle hijyen ko\u015fullar\u0131, \u00fcr\u00fcnlerin etiketlenmesi, son kullanma tarihleri ve saklama ko\u015fullar\u0131 gibi hususlar inceleniyor.<\/p>\n<p><\/p>\n<p><h3>G\u0131da Denetimlerinin \u00d6nemi<\/h3>\n<\/p>\n<p><\/p>\n<p>Vatanda\u015flar\u0131n <strong>sa\u011fl\u0131kl\u0131 g\u0131da<\/strong> t\u00fcketimini sa\u011flamak, g\u0131da zehirlenmelerini \u00f6nlemek ve <strong>g\u0131da g\u00fcvenli\u011fi<\/strong> standartlar\u0131n\u0131 y\u00fckseltmek amac\u0131yla yap\u0131lan denetimler b\u00fcy\u00fck \u00f6nem ta\u015f\u0131yor.<\/p>\n<p><\/p>\n<p><ul>    <\/p>\n<ul>\n<li>G\u0131da \u00fcretim tesislerinde hijyen standartlar\u0131n\u0131n kontrol\u00fc<\/li>\n<p>    <\/p>\n<li>Marketlerde \u00fcr\u00fcnlerin son kullanma tarihlerinin denetlenmesi<\/li>\n<p>    <\/p>\n<li>Sat\u0131\u015f noktalar\u0131nda \u00fcr\u00fcnlerin etiket bilgilerinin do\u011frulu\u011funun incelenmesi<\/li>\n<\/ul>\n<p><\/ul>\n<\/p>\n<p><\/p>\n<p><h3>Valilik Koordinasyonunda Denetimler<\/h3>\n<\/p>\n<p><\/p>\n<p><strong>Bal\u0131kesir Valili\u011fi<\/strong>\u2019nin koordinesinde y\u00fcr\u00fct\u00fclen bu \u00e7al\u0131\u015fmalar, g\u0131da sekt\u00f6r\u00fcndeki denetimlerin etkinli\u011fini art\u0131rmay\u0131 ve vatanda\u015flar\u0131n <strong>g\u00fcvenilir g\u0131da<\/strong> t\u00fcketimini sa\u011flamay\u0131 hedefliyor. Denetimlerin sonu\u00e7lar\u0131, halk\u0131n sa\u011fl\u0131\u011f\u0131n\u0131 korumak amac\u0131yla d\u00fczenli olarak de\u011ferlendiriliyor ve gerekli \u00f6nlemler al\u0131n\u0131yor.<\/p><\/p>\n","protected":false},"excerpt":{"rendered":"<p>Bal\u0131kesir&#8217;de G\u0131da G\u00fcvenli\u011fi Denetimleri Aral\u0131ks\u0131z S\u00fcr\u00fcyor Bal\u0131kesir Valili\u011fi koordinasyonunda \u0130l Tar\u0131m ve Orman M\u00fcd\u00fcrl\u00fc\u011f\u00fc, vatanda\u015flar\u0131n g\u00fcvenilir g\u0131daya eri\u015fimi sa\u011flamak amac\u0131yla g\u0131da denetimlerini titizlikle s\u00fcrd\u00fcr\u00fcyor. Ama\u00e7, halk sa\u011fl\u0131\u011f\u0131n\u0131 korumak ve g\u0131da kalitesini y\u00fckseltmek. Denetimlerin Kapsam\u0131 \u0130l Tar\u0131m ve Orman M\u00fcd\u00fcrl\u00fc\u011f\u00fc ekipleri,&#8230;<\/p>\n","protected":false},"author":1,"featured_media":33441,"comment_status":"closed","ping_status":"closed","sticky":false,"template":"","format":"standard","meta":{"footnotes":""},"categories":[36],"tags":[],"class_list":["post-33440","post","type-post","status-publish","format-standard","has-post-thumbnail","hentry","category-manset"],"_links":{"self":[{"href":"http:\/\/gazetevizyon.com\/index.php?rest_route=\/wp\/v2\/posts\/33440","targetHints":{"allow":["GET"]}}],"collection":[{"href":"http:\/\/gazetevizyon.com\/index.php?rest_route=\/wp\/v2\/posts"}],"about":[{"href":"http:\/\/gazetevizyon.com\/index.php?rest_route=\/wp\/v2\/types\/post"}],"author":[{"embeddable":true,"href":"http:\/\/gazetevizyon.com\/index.php?rest_route=\/wp\/v2\/users\/1"}],"replies":[{"embeddable":true,"href":"http:\/\/gazetevizyon.com\/index.php?rest_route=%2Fwp%2Fv2%2Fcomments&post=33440"}],"version-history":[{"count":1,"href":"http:\/\/gazetevizyon.com\/index.php?rest_route=\/wp\/v2\/posts\/33440\/revisions"}],"predecessor-version":[{"id":33455,"href":"http:\/\/gazetevizyon.com\/index.php?rest_route=\/wp\/v2\/posts\/33440\/revisions\/33455"}],"wp:featuredmedia":[{"embeddable":true,"href":"http:\/\/gazetevizyon.com\/index.php?rest_route=\/wp\/v2\/media\/33441"}],"wp:attachment":[{"href":"http:\/\/gazetevizyon.com\/index.php?rest_route=%2Fwp%2Fv2%2Fmedia&parent=33440"}],"wp:term":[{"taxonomy":"category","embeddable":true,"href":"http:\/\/gazetevizyon.com\/index.php?rest_route=%2Fwp%2Fv2%2Fcategories&post=33440"},{"taxonomy":"post_tag","embeddable":true,"href":"http:\/\/gazetevizyon.com\/index.php?rest_route=%2Fwp%2Fv2%2Ftags&post=33440"}],"curies":[{"name":"wp","href":"https:\/\/api.w.org\/{rel}","templated":true}]}}